{"id":2941,"date":"2025-04-03T05:33:09","date_gmt":"2025-04-03T03:33:09","guid":{"rendered":"https:\/\/periodicolarepublica.com\/?p=2941"},"modified":"2025-04-03T05:33:09","modified_gmt":"2025-04-03T03:33:09","slug":"idac-y-paramount-aviation-services-firman-acuerdo-interinstitucional-para-evaluacion-de-pilotos","status":"publish","type":"post","link":"https:\/\/periodicolarepublica.com\/index.php\/2025\/04\/03\/idac-y-paramount-aviation-services-firman-acuerdo-interinstitucional-para-evaluacion-de-pilotos\/","title":{"rendered":"IDAC y Paramount Aviation Services firman acuerdo interinstitucional para evaluaci\u00f3n de pilotos"},"content":{"rendered":"<p>La firma se desarroll\u00f3 en el marco de la tercera edici\u00f3n del TradeShow que organiza el ministro de Turismo David Collado en la ciudad de Miami<\/p>\n<p>Miami, Florida.- El Instituto Dominicano de Aviaci\u00f3n Civil (IDAC) y la Paramount Aviation Services firmaron un acuerdo interinstitucional en el cual el organismo aeron\u00e1utico dominicano proveer\u00e1 al organismo acad\u00e9mico norteamericano parte de los servicios de dos Examinadores en Simulador de Vuelo TCE.<\/p>\n<p>El acuerdo busca que la Paramount pueda realizar la evaluaci\u00f3n y certificaci\u00f3n de los pilotos en entrenamiento de los operadores a\u00e9reos dominicanos, de acuerdo a las normas y requisitos establecidos por el IDAC.<\/p>\n<p>Los titulares del IDAC y del instituto de entrenamientos aeron\u00e1uticos con sede en Miami, Igor Rodr\u00edguez y Vito La Forgia, respectivamente, convinieron en que los examinadores ser\u00e1n los encargados de realizar las evaluaciones correspondientes y asegurar que los pilotos en entrenamiento cumplan con las condiciones necesarias para su certificaci\u00f3n, cuando as\u00ed lo requiera o asigne el IDAC.<\/p>\n<p>\u201cAgradecido de las autoridades de Paramount Aviation Services, un centro de entrenamiento del m\u00e1s alto nivel para pilotos y desde el IDAC hacemos todo el esfuerzo para que los pilotos de los operadores a\u00e9reos dominicanos reciban la mayor preparaci\u00f3n y, adem\u00e1s, las actualizaciones y certificaciones recurrentes que necesitan estos profesionales\u201d, sostuvo Rodr\u00edguez.<\/p>\n<p>En ese mismo orden, el funcionario aeron\u00e1utico dominicano a\u00f1adi\u00f3 que a trav\u00e9s de este convenio, se establecer\u00e1 en la aviaci\u00f3n civil dominicana, la figura del piloto designado, con cuya inclusi\u00f3n se pretende aumentar los niveles de servicios, asegurando la seguridad operacional y Paramount se convierte en un aliado esencial para que la entidad oficial dominicana pueda lograr esos objetivos.<\/p>\n<p>La firma de cooperaci\u00f3n mutua entre el IDAC y Paramount Aviation Services se realiz\u00f3 en el marco de la celebraci\u00f3n de la tercera edici\u00f3n del TradeShow, evento comercial donde participan los principales actores de la industria tur\u00edstica de Estados Unidos, Canad\u00e1 y Latinoamericana, desde donde llega el 87.5% de los turistas que visitan Rep\u00fablica Dominicana,<\/p>\n<p>El IDAC en su condici\u00f3n de miembro del Gabinete de Turismo, tambi\u00e9n ha dicho presente en el TradeShow o Feria de Negocios para sumarse al esfuerzo que realiza el ministro David Collado en tan importante actividad de la industria tur\u00edstica.<\/p>\n<p><img loading=\"lazy\" decoding=\"async\" class=\"alignnone size-full wp-image-2844\" src=\"https:\/\/periodicolarepublica.com\/wp-content\/uploads\/2025\/03\/images-2.png\" alt=\"\" width=\"225\" height=\"225\" srcset=\"https:\/\/periodicolarepublica.com\/wp-content\/uploads\/2025\/03\/images-2.png?v=1741966330 225w, https:\/\/periodicolarepublica.com\/wp-content\/uploads\/2025\/03\/images-2-150x150.png?v=1741966330 150w\" sizes=\"auto, (max-width: 225px) 100vw, 225px\" \/><\/p>\n","protected":false},"excerpt":{"rendered":"<p>La firma se desarroll\u00f3 en el marco de la tercera edici\u00f3n del TradeShow que organiza el ministro de Turismo David Collado en la ciudad de Miami Miami, Florida.- El Instituto Dominicano de Aviaci\u00f3n Civil (IDAC) y la Paramount Aviation Services firmaron un acuerdo interinstitucional en el cual el organismo aeron\u00e1utico dominicano proveer\u00e1 al organismo acad\u00e9mico [&hellip;]<\/p>\n","protected":false},"author":6,"featured_media":2844,"comment_status":"open","ping_status":"open","sticky":false,"template":"","format":"standard","meta":{"om_disable_all_campaigns":false,"_monsterinsights_skip_tracking":false,"_monsterinsights_sitenote_active":false,"_monsterinsights_sitenote_note":"","_monsterinsights_sitenote_category":0,"footnotes":""},"categories":[1],"tags":[357,355,356,358],"class_list":{"0":"post-2941","1":"post","2":"type-post","3":"status-publish","4":"format-standard","5":"has-post-thumbnail","7":"category-nacionales","8":"tag-idac","9":"tag-idac-com-do","10":"tag-idac-gob-do","11":"tag-igor-rodriguez"},"aioseo_notices":[],"_links":{"self":[{"href":"https:\/\/periodicolarepublica.com\/index.php\/wp-json\/wp\/v2\/posts\/2941","targetHints":{"allow":["GET"]}}],"collection":[{"href":"https:\/\/periodicolarepublica.com\/index.php\/wp-json\/wp\/v2\/posts"}],"about":[{"href":"https:\/\/periodicolarepublica.com\/index.php\/wp-json\/wp\/v2\/types\/post"}],"author":[{"embeddable":true,"href":"https:\/\/periodicolarepublica.com\/index.php\/wp-json\/wp\/v2\/users\/6"}],"replies":[{"embeddable":true,"href":"https:\/\/periodicolarepublica.com\/index.php\/wp-json\/wp\/v2\/comments?post=2941"}],"version-history":[{"count":1,"href":"https:\/\/periodicolarepublica.com\/index.php\/wp-json\/wp\/v2\/posts\/2941\/revisions"}],"predecessor-version":[{"id":2942,"href":"https:\/\/periodicolarepublica.com\/index.php\/wp-json\/wp\/v2\/posts\/2941\/revisions\/2942"}],"wp:featuredmedia":[{"embeddable":true,"href":"https:\/\/periodicolarepublica.com\/index.php\/wp-json\/wp\/v2\/media\/2844"}],"wp:attachment":[{"href":"https:\/\/periodicolarepublica.com\/index.php\/wp-json\/wp\/v2\/media?parent=2941"}],"wp:term":[{"taxonomy":"category","embeddable":true,"href":"https:\/\/periodicolarepublica.com\/index.php\/wp-json\/wp\/v2\/categories?post=2941"},{"taxonomy":"post_tag","embeddable":true,"href":"https:\/\/periodicolarepublica.com\/index.php\/wp-json\/wp\/v2\/tags?post=2941"}],"curies":[{"name":"wp","href":"https:\/\/api.w.org\/{rel}","templated":true}]}}