{"id":2943,"date":"2025-04-03T05:37:35","date_gmt":"2025-04-03T03:37:35","guid":{"rendered":"https:\/\/periodicolarepublica.com\/?p=2943"},"modified":"2025-04-03T05:37:35","modified_gmt":"2025-04-03T03:37:35","slug":"amchamdr-elige-su-nuevo-consejo-de-directores-francesca-rainieri-asume-la-presidencia-de-la-camara","status":"publish","type":"post","link":"https:\/\/periodicolarepublica.com\/index.php\/2025\/04\/03\/amchamdr-elige-su-nuevo-consejo-de-directores-francesca-rainieri-asume-la-presidencia-de-la-camara\/","title":{"rendered":"AMCHAMDR Elige su nuevo Consejo de Directores: Francesca Rainieri asume la presidencia de la C\u00e1mara"},"content":{"rendered":"<p>Durante el proceso, AMCHAMDR anunci\u00f3 los nuevos miembros del Consejo de Directores que resultaron electos en el proceso de votaci\u00f3n, revelado en la Asamblea General Ordinaria celebrada este 2 de abril de 2025.<\/p>\n<p>La C\u00e1mara Americana de Comercio de la Rep\u00fablica Dominicana (AMCHAMDR por sus siglas en ingl\u00e9s) dio a conocer los resultados de las votaciones realizadas para la elecci\u00f3n de su nuevo Consejo de Directores, en el marco de la Asamblea General Ordinaria celebrada este mi\u00e9rcoles 2 de abril, donde fue electa Francesca Rainieri, de Grupo Punta Cana, como presidenta de la C\u00e1mara para el per\u00edodo 2025-2026.<img loading=\"lazy\" decoding=\"async\" class=\"alignnone size-medium wp-image-2944\" src=\"https:\/\/periodicolarepublica.com\/wp-content\/uploads\/2025\/04\/AMCHAMDR_Logo-300x257.png\" alt=\"\" width=\"300\" height=\"257\" srcset=\"https:\/\/periodicolarepublica.com\/wp-content\/uploads\/2025\/04\/AMCHAMDR_Logo-300x257.png 300w, https:\/\/periodicolarepublica.com\/wp-content\/uploads\/2025\/04\/AMCHAMDR_Logo-150x129.png 150w, https:\/\/periodicolarepublica.com\/wp-content\/uploads\/2025\/04\/AMCHAMDR_Logo-600x514.png 600w, https:\/\/periodicolarepublica.com\/wp-content\/uploads\/2025\/04\/AMCHAMDR_Logo-696x597.png 696w, https:\/\/periodicolarepublica.com\/wp-content\/uploads\/2025\/04\/AMCHAMDR_Logo.png 700w\" sizes=\"auto, (max-width: 300px) 100vw, 300px\" \/><\/p>\n","protected":false},"excerpt":{"rendered":"<p>Durante el proceso, AMCHAMDR anunci\u00f3 los nuevos miembros del Consejo de Directores que resultaron electos en el proceso de votaci\u00f3n, revelado en la Asamblea General Ordinaria celebrada este 2 de abril de 2025. La C\u00e1mara Americana de Comercio de la Rep\u00fablica Dominicana (AMCHAMDR por sus siglas en ingl\u00e9s) dio a conocer los resultados de las [&hellip;]<\/p>\n","protected":false},"author":6,"featured_media":2944,"comment_status":"open","ping_status":"open","sticky":false,"template":"","format":"standard","meta":{"om_disable_all_campaigns":false,"_monsterinsights_skip_tracking":false,"_monsterinsights_sitenote_active":false,"_monsterinsights_sitenote_note":"","_monsterinsights_sitenote_category":0,"footnotes":""},"categories":[1],"tags":[359],"class_list":{"0":"post-2943","1":"post","2":"type-post","3":"status-publish","4":"format-standard","5":"has-post-thumbnail","7":"category-nacionales","8":"tag-amchamrd"},"aioseo_notices":[],"_links":{"self":[{"href":"https:\/\/periodicolarepublica.com\/index.php\/wp-json\/wp\/v2\/posts\/2943","targetHints":{"allow":["GET"]}}],"collection":[{"href":"https:\/\/periodicolarepublica.com\/index.php\/wp-json\/wp\/v2\/posts"}],"about":[{"href":"https:\/\/periodicolarepublica.com\/index.php\/wp-json\/wp\/v2\/types\/post"}],"author":[{"embeddable":true,"href":"https:\/\/periodicolarepublica.com\/index.php\/wp-json\/wp\/v2\/users\/6"}],"replies":[{"embeddable":true,"href":"https:\/\/periodicolarepublica.com\/index.php\/wp-json\/wp\/v2\/comments?post=2943"}],"version-history":[{"count":1,"href":"https:\/\/periodicolarepublica.com\/index.php\/wp-json\/wp\/v2\/posts\/2943\/revisions"}],"predecessor-version":[{"id":2945,"href":"https:\/\/periodicolarepublica.com\/index.php\/wp-json\/wp\/v2\/posts\/2943\/revisions\/2945"}],"wp:featuredmedia":[{"embeddable":true,"href":"https:\/\/periodicolarepublica.com\/index.php\/wp-json\/wp\/v2\/media\/2944"}],"wp:attachment":[{"href":"https:\/\/periodicolarepublica.com\/index.php\/wp-json\/wp\/v2\/media?parent=2943"}],"wp:term":[{"taxonomy":"category","embeddable":true,"href":"https:\/\/periodicolarepublica.com\/index.php\/wp-json\/wp\/v2\/categories?post=2943"},{"taxonomy":"post_tag","embeddable":true,"href":"https:\/\/periodicolarepublica.com\/index.php\/wp-json\/wp\/v2\/tags?post=2943"}],"curies":[{"name":"wp","href":"https:\/\/api.w.org\/{rel}","templated":true}]}}