{"id":2948,"date":"2025-04-03T05:54:47","date_gmt":"2025-04-03T03:54:47","guid":{"rendered":"https:\/\/periodicolarepublica.com\/?p=2948"},"modified":"2025-04-03T05:54:47","modified_gmt":"2025-04-03T03:54:47","slug":"codessd-inaugura-exposostenible-2025","status":"publish","type":"post","link":"https:\/\/periodicolarepublica.com\/index.php\/2025\/04\/03\/codessd-inaugura-exposostenible-2025\/","title":{"rendered":"CODESSD inaugura ExpoSostenible 2025"},"content":{"rendered":"<p>El evento se extender\u00e1 hasta el jueves 3 de abril en el Hotel Embajador de la capital<\/p>\n<p>SANTO DOMINGO. \u2013 Con la presencia del ministro de los ministros de la Presidencia, Jos\u00e9 Paliza, y de Medio Ambiente y Recursos Naturales, Pa\u00edno Henr\u00edquez, qued\u00f3 inaugurada este mi\u00e9rcoles ExpoSostenible 2025, la primera feria de sostenibilidad que se celebra en Rep\u00fablica Dominicana y que tiene como sede el Hotel Embajador.<\/p>\n<p>Paliza y Henr\u00edquez aprovecharon para felicitar a los organizadores del evento que se extender\u00e1 hasta el jueves 3 de abril y est\u00e1 bajo la responsabilidad del Consejo de Desarrollo Econ\u00f3mico y Social de Santo Domingo (Codessd) y ProExpo.<\/p>\n<p>Las palabras de apertura de la actividad estuvieron a cargo de Francisco Valdez, gerente general de ProExpo, quien tras darle la bienvenida a los presentes mostr\u00f3 su regocijo por el inicio de esta iniciativa.<\/p>\n<blockquote><p><img loading=\"lazy\" decoding=\"async\" class=\"alignnone size-medium wp-image-2949\" src=\"https:\/\/periodicolarepublica.com\/wp-content\/uploads\/2025\/04\/logo-codessd-300x116.webp\" alt=\"\" width=\"300\" height=\"116\" srcset=\"https:\/\/periodicolarepublica.com\/wp-content\/uploads\/2025\/04\/logo-codessd-300x116.webp 300w, https:\/\/periodicolarepublica.com\/wp-content\/uploads\/2025\/04\/logo-codessd-150x58.webp 150w, https:\/\/periodicolarepublica.com\/wp-content\/uploads\/2025\/04\/logo-codessd.webp 352w\" sizes=\"auto, (max-width: 300px) 100vw, 300px\" \/><\/p><\/blockquote>\n","protected":false},"excerpt":{"rendered":"<p>El evento se extender\u00e1 hasta el jueves 3 de abril en el Hotel Embajador de la capital SANTO DOMINGO. \u2013 Con la presencia del ministro de los ministros de la Presidencia, Jos\u00e9 Paliza, y de Medio Ambiente y Recursos Naturales, Pa\u00edno Henr\u00edquez, qued\u00f3 inaugurada este mi\u00e9rcoles ExpoSostenible 2025, la primera feria de sostenibilidad que se [&hellip;]<\/p>\n","protected":false},"author":6,"featured_media":2949,"comment_status":"open","ping_status":"open","sticky":false,"template":"","format":"standard","meta":{"om_disable_all_campaigns":false,"_monsterinsights_skip_tracking":false,"_monsterinsights_sitenote_active":false,"_monsterinsights_sitenote_note":"","_monsterinsights_sitenote_category":0,"footnotes":""},"categories":[1],"tags":[360,362,361],"class_list":{"0":"post-2948","1":"post","2":"type-post","3":"status-publish","4":"format-standard","5":"has-post-thumbnail","7":"category-nacionales","8":"tag-codessd","9":"tag-exposostenible-com","10":"tag-samuel-sena"},"aioseo_notices":[],"_links":{"self":[{"href":"https:\/\/periodicolarepublica.com\/index.php\/wp-json\/wp\/v2\/posts\/2948","targetHints":{"allow":["GET"]}}],"collection":[{"href":"https:\/\/periodicolarepublica.com\/index.php\/wp-json\/wp\/v2\/posts"}],"about":[{"href":"https:\/\/periodicolarepublica.com\/index.php\/wp-json\/wp\/v2\/types\/post"}],"author":[{"embeddable":true,"href":"https:\/\/periodicolarepublica.com\/index.php\/wp-json\/wp\/v2\/users\/6"}],"replies":[{"embeddable":true,"href":"https:\/\/periodicolarepublica.com\/index.php\/wp-json\/wp\/v2\/comments?post=2948"}],"version-history":[{"count":1,"href":"https:\/\/periodicolarepublica.com\/index.php\/wp-json\/wp\/v2\/posts\/2948\/revisions"}],"predecessor-version":[{"id":2950,"href":"https:\/\/periodicolarepublica.com\/index.php\/wp-json\/wp\/v2\/posts\/2948\/revisions\/2950"}],"wp:featuredmedia":[{"embeddable":true,"href":"https:\/\/periodicolarepublica.com\/index.php\/wp-json\/wp\/v2\/media\/2949"}],"wp:attachment":[{"href":"https:\/\/periodicolarepublica.com\/index.php\/wp-json\/wp\/v2\/media?parent=2948"}],"wp:term":[{"taxonomy":"category","embeddable":true,"href":"https:\/\/periodicolarepublica.com\/index.php\/wp-json\/wp\/v2\/categories?post=2948"},{"taxonomy":"post_tag","embeddable":true,"href":"https:\/\/periodicolarepublica.com\/index.php\/wp-json\/wp\/v2\/tags?post=2948"}],"curies":[{"name":"wp","href":"https:\/\/api.w.org\/{rel}","templated":true}]}}