{"id":2956,"date":"2025-04-05T16:33:13","date_gmt":"2025-04-05T14:33:13","guid":{"rendered":"https:\/\/periodicolarepublica.com\/?p=2956"},"modified":"2025-04-05T16:35:38","modified_gmt":"2025-04-05T14:35:38","slug":"vale-todo-por-likes-el-incidente-de-jennifer-gonzalez-y-el-morbo-digital","status":"publish","type":"post","link":"https:\/\/periodicolarepublica.com\/index.php\/2025\/04\/05\/vale-todo-por-likes-el-incidente-de-jennifer-gonzalez-y-el-morbo-digital\/","title":{"rendered":"\u00ab\u00bfVale todo por likes? El incidente de Jennifer Gonz\u00e1lez y el morbo digital\u00bb"},"content":{"rendered":"<p>En una \u00e9poca donde la inmediatez, el morbo, hacer viral contenidos por Likes y parecen dominar las redes sociales, resulta alarmante c\u00f3mo situaciones accidentales desplazan temas de verdadero valor e impacto social.<\/p>\n<p>El m\u00e1s reciente ejemplo, se da\u00a0 con la gobernadora de Puerto Rico, Jenniffer Gonz\u00e1lez, quien vivi\u00f3 un percance con su vestido a causa del viento mientras se dirig\u00eda a una reuni\u00f3n.<\/p>\n<p>En lugar de saber los temas que iba a tratar, o en los planes que tiene para el desarrollo en su gesti\u00f3n, lo que circul\u00f3 como p\u00f3lvora en redes fue un breve momento fuera de contexto, grabado y compartido, priorizaron el entretenimiento ef\u00edmero, como le podr\u00eda pasar a cualquiera.<\/p>\n<p>Este tipo de publicaciones, aunque parecen inofensivas o hasta \u00abgraciosas\u00bb para algunos, contribuyen a una cultura digital que da m\u00e1s valor al chisme visual que al contenido de fondo.<\/p>\n<p>La gobernadora, como cualquier otra figura p\u00fablica, est\u00e1 expuesta a la mirada constante, pero eso no justifica que cada incidente, especialmente los no intencionados, se conviertan en memes y haya tenido m\u00e1s alcance que las decisiones pol\u00edticas que pueden moldear el futuro de miles de ciudadanos.<\/p>\n<p>Es hora de que la atenci\u00f3n p\u00fablica se dirija a lo verdaderamente importante: los logros y gestiones que impactan la vida de los ciudadanos, como por ejemplo donde recientemente, la gobernadora Jenniffer Gonz\u00e1lez firm\u00f3 un acuerdo hist\u00f3rico con el ministro de Turismo de Rep\u00fablica Dominicana, David Collado, con el fin de fortalecer el intercambio tur\u00edstico entre ambas islas, un paso significativo hacia el desarrollo econ\u00f3mico regional.<\/p>\n<p><img loading=\"lazy\" decoding=\"async\" class=\"alignnone size-medium wp-image-2957\" src=\"https:\/\/periodicolarepublica.com\/wp-content\/uploads\/2025\/04\/IMG-20250405-WA0010-300x204.jpg\" alt=\"\" width=\"300\" height=\"204\" srcset=\"https:\/\/periodicolarepublica.com\/wp-content\/uploads\/2025\/04\/IMG-20250405-WA0010-300x204.jpg?v=1743863362 300w, https:\/\/periodicolarepublica.com\/wp-content\/uploads\/2025\/04\/IMG-20250405-WA0010-1024x695.jpg?v=1743863362 1024w, https:\/\/periodicolarepublica.com\/wp-content\/uploads\/2025\/04\/IMG-20250405-WA0010-768x521.jpg?v=1743863362 768w, https:\/\/periodicolarepublica.com\/wp-content\/uploads\/2025\/04\/IMG-20250405-WA0010-1536x1043.jpg?v=1743863362 1536w, https:\/\/periodicolarepublica.com\/wp-content\/uploads\/2025\/04\/IMG-20250405-WA0010-150x102.jpg?v=1743863362 150w, https:\/\/periodicolarepublica.com\/wp-content\/uploads\/2025\/04\/IMG-20250405-WA0010-600x407.jpg?v=1743863362 600w, https:\/\/periodicolarepublica.com\/wp-content\/uploads\/2025\/04\/IMG-20250405-WA0010-696x472.jpg?v=1743863362 696w, https:\/\/periodicolarepublica.com\/wp-content\/uploads\/2025\/04\/IMG-20250405-WA0010-1392x945.jpg?v=1743863362 1392w, https:\/\/periodicolarepublica.com\/wp-content\/uploads\/2025\/04\/IMG-20250405-WA0010-1068x725.jpg?v=1743863362 1068w, https:\/\/periodicolarepublica.com\/wp-content\/uploads\/2025\/04\/IMG-20250405-WA0010.jpg?v=1743863362 1600w\" sizes=\"auto, (max-width: 300px) 100vw, 300px\" \/><\/p>\n<p>&nbsp;<\/p>\n","protected":false},"excerpt":{"rendered":"<p>En una \u00e9poca donde la inmediatez, el morbo, hacer viral contenidos por Likes y parecen dominar las redes sociales, resulta alarmante c\u00f3mo situaciones accidentales desplazan temas de verdadero valor e impacto social. El m\u00e1s reciente ejemplo, se da\u00a0 con la gobernadora de Puerto Rico, Jenniffer Gonz\u00e1lez, quien vivi\u00f3 un percance con su vestido a causa [&hellip;]<\/p>\n","protected":false},"author":1,"featured_media":2957,"comment_status":"open","ping_status":"open","sticky":false,"template":"","format":"standard","meta":{"om_disable_all_campaigns":false,"_monsterinsights_skip_tracking":false,"_monsterinsights_sitenote_active":false,"_monsterinsights_sitenote_note":"","_monsterinsights_sitenote_category":0,"footnotes":""},"categories":[227,1],"tags":[367,365,368,366],"class_list":{"0":"post-2956","1":"post","2":"type-post","3":"status-publish","4":"format-standard","5":"has-post-thumbnail","7":"category-la-republica-internacional","8":"category-nacionales","9":"tag-gobernadora","10":"tag-jennifer-gonzalez","11":"tag-puerto-rico","12":"tag-vestido-viral"},"aioseo_notices":[],"_links":{"self":[{"href":"https:\/\/periodicolarepublica.com\/index.php\/wp-json\/wp\/v2\/posts\/2956","targetHints":{"allow":["GET"]}}],"collection":[{"href":"https:\/\/periodicolarepublica.com\/index.php\/wp-json\/wp\/v2\/posts"}],"about":[{"href":"https:\/\/periodicolarepublica.com\/index.php\/wp-json\/wp\/v2\/types\/post"}],"author":[{"embeddable":true,"href":"https:\/\/periodicolarepublica.com\/index.php\/wp-json\/wp\/v2\/users\/1"}],"replies":[{"embeddable":true,"href":"https:\/\/periodicolarepublica.com\/index.php\/wp-json\/wp\/v2\/comments?post=2956"}],"version-history":[{"count":2,"href":"https:\/\/periodicolarepublica.com\/index.php\/wp-json\/wp\/v2\/posts\/2956\/revisions"}],"predecessor-version":[{"id":2959,"href":"https:\/\/periodicolarepublica.com\/index.php\/wp-json\/wp\/v2\/posts\/2956\/revisions\/2959"}],"wp:featuredmedia":[{"embeddable":true,"href":"https:\/\/periodicolarepublica.com\/index.php\/wp-json\/wp\/v2\/media\/2957"}],"wp:attachment":[{"href":"https:\/\/periodicolarepublica.com\/index.php\/wp-json\/wp\/v2\/media?parent=2956"}],"wp:term":[{"taxonomy":"category","embeddable":true,"href":"https:\/\/periodicolarepublica.com\/index.php\/wp-json\/wp\/v2\/categories?post=2956"},{"taxonomy":"post_tag","embeddable":true,"href":"https:\/\/periodicolarepublica.com\/index.php\/wp-json\/wp\/v2\/tags?post=2956"}],"curies":[{"name":"wp","href":"https:\/\/api.w.org\/{rel}","templated":true}]}}