{"id":2960,"date":"2025-04-05T20:27:36","date_gmt":"2025-04-05T18:27:36","guid":{"rendered":"https:\/\/periodicolarepublica.com\/?p=2960"},"modified":"2025-04-05T20:27:36","modified_gmt":"2025-04-05T18:27:36","slug":"la-caminata-por-la-salud-un-compromiso-colectivo","status":"publish","type":"post","link":"https:\/\/periodicolarepublica.com\/index.php\/2025\/04\/05\/la-caminata-por-la-salud-un-compromiso-colectivo\/","title":{"rendered":"La Caminata por la Salud: Un Compromiso Colectivo"},"content":{"rendered":"<p>El reciente evento organizado por el Ministerio de Salud P\u00fablica, encabezado por el Dr. V\u00edctor Atallah, ha reafirmado la importancia de promover h\u00e1bitos saludables en nuestra sociedad. La caminata por la salud no solo fue una actividad f\u00edsica, sino un llamado a la conciencia colectiva sobre la necesidad de adoptar estilos de vida m\u00e1s saludables.<\/p>\n<p>&nbsp;<\/p>\n<p>Cientos de ciudadanos se unieron en esta caminata, demostrando que la salud es una prioridad compartida. La participaci\u00f3n de diversas personalidades de diferentes \u00e1mbitos resalta el compromiso de la comunidad en apoyar iniciativas que fomenten el bienestar. Este tipo de eventos no solo promueven el ejercicio, sino que tambi\u00e9n fortalecen los lazos sociales.<\/p>\n<p>&nbsp;<\/p>\n<p>Caminar, una actividad simple y accesible, se convierte en un poderoso s\u00edmbolo de salud y unidad. El Dr. Atallah, al liderar esta iniciativa, ha demostrado que la salud p\u00fablica es responsabilidad de todos. Cada paso dado en la caminata representa un compromiso con el bienestar individual y colectivo.<\/p>\n<p>&nbsp;<\/p>\n<p>La promoci\u00f3n de la actividad f\u00edsica es crucial en un mundo donde el sedentarismo se ha convertido en un problema creciente. La caminata por la salud es un recordatorio de que peque\u00f1os cambios, como incorporar caminatas en nuestra rutina diaria, pueden tener un impacto significativo en nuestra salud a largo plazo.<\/p>\n<p>&nbsp;<\/p>\n<p>Adem\u00e1s, el apoyo de personalidades influyentes en la caminata env\u00eda un mensaje claro: la salud no es solo un tema del \u00e1mbito m\u00e9dico, sino una cuesti\u00f3n que nos concierne a todos. Su presencia no solo motiva a los participantes, sino que tambi\u00e9n amplifica el mensaje sobre la importancia de cuidar nuestro cuerpo.<\/p>\n<p>&nbsp;<\/p>\n<p>Es fundamental que el Ministerio de Salud P\u00fablica contin\u00fae organizando eventos como este, que no solo fomenten la actividad f\u00edsica, sino que tambi\u00e9n eduquen a la poblaci\u00f3n sobre h\u00e1bitos saludables. La prevenci\u00f3n es la clave para reducir enfermedades y mejorar la calidad de vida.<\/p>\n<p>&nbsp;<\/p>\n<p>Sin embargo, la caminata por la salud debe ser solo el comienzo. Es esencial que las pol\u00edticas p\u00fablicas apoyen iniciativas que faciliten el acceso a espacios seguros para caminar y hacer ejercicio. La infraestructura adecuada es vital para motivar a m\u00e1s personas a adoptar un estilo de vida activo.<\/p>\n<p>&nbsp;<\/p>\n<p>En conclusi\u00f3n, la caminata por la salud, liderada por el Dr. V\u00edctor Atallah, es un ejemplo inspirador de c\u00f3mo la comunidad puede unirse en pro de un objetivo com\u00fan: la salud. Cada paso cuenta, y juntos podemos construir un futuro m\u00e1s saludable y activo.<\/p>\n<p>&nbsp;<\/p>\n<p>Invitamos a todos a reflexionar sobre su propio compromiso con la salud y a participar en futuras iniciativas que promuevan el bienestar. La salud es un derecho y una responsabilidad que debemos asumir colectivamente.<del><img loading=\"lazy\" decoding=\"async\" class=\"size-medium wp-image-2961 alignright\" src=\"https:\/\/periodicolarepublica.com\/wp-content\/uploads\/2025\/04\/IMG_20250405_142528-225x300.jpg\" alt=\"\" width=\"225\" height=\"300\" srcset=\"https:\/\/periodicolarepublica.com\/wp-content\/uploads\/2025\/04\/IMG_20250405_142528-225x300.jpg?v=1743877640 225w, https:\/\/periodicolarepublica.com\/wp-content\/uploads\/2025\/04\/IMG_20250405_142528-767x1024.jpg?v=1743877640 767w, https:\/\/periodicolarepublica.com\/wp-content\/uploads\/2025\/04\/IMG_20250405_142528-768x1025.jpg?v=1743877640 768w, https:\/\/periodicolarepublica.com\/wp-content\/uploads\/2025\/04\/IMG_20250405_142528-1151x1536.jpg?v=1743877640 1151w, https:\/\/periodicolarepublica.com\/wp-content\/uploads\/2025\/04\/IMG_20250405_142528-1534x2048.jpg?v=1743877640 1534w, https:\/\/periodicolarepublica.com\/wp-content\/uploads\/2025\/04\/IMG_20250405_142528-150x200.jpg?v=1743877640 150w, https:\/\/periodicolarepublica.com\/wp-content\/uploads\/2025\/04\/IMG_20250405_142528-300x400.jpg?v=1743877640 300w, https:\/\/periodicolarepublica.com\/wp-content\/uploads\/2025\/04\/IMG_20250405_142528-600x801.jpg?v=1743877640 600w, https:\/\/periodicolarepublica.com\/wp-content\/uploads\/2025\/04\/IMG_20250405_142528-696x929.jpg?v=1743877640 696w, https:\/\/periodicolarepublica.com\/wp-content\/uploads\/2025\/04\/IMG_20250405_142528-1392x1858.jpg?v=1743877640 1392w, https:\/\/periodicolarepublica.com\/wp-content\/uploads\/2025\/04\/IMG_20250405_142528-1068x1426.jpg?v=1743877640 1068w, https:\/\/periodicolarepublica.com\/wp-content\/uploads\/2025\/04\/IMG_20250405_142528.jpg?v=1743877640 1720w\" sizes=\"auto, (max-width: 225px) 100vw, 225px\" \/><\/del><\/p>\n","protected":false},"excerpt":{"rendered":"<p>El reciente evento organizado por el Ministerio de Salud P\u00fablica, encabezado por el Dr. V\u00edctor Atallah, ha reafirmado la importancia de promover h\u00e1bitos saludables en nuestra sociedad. La caminata por la salud no solo fue una actividad f\u00edsica, sino un llamado a la conciencia colectiva sobre la necesidad de adoptar estilos de vida m\u00e1s saludables. [&hellip;]<\/p>\n","protected":false},"author":10,"featured_media":2961,"comment_status":"open","ping_status":"open","sticky":false,"template":"","format":"standard","meta":{"om_disable_all_campaigns":false,"_monsterinsights_skip_tracking":false,"_monsterinsights_sitenote_active":false,"_monsterinsights_sitenote_note":"","_monsterinsights_sitenote_category":0,"footnotes":""},"categories":[1],"tags":[161],"class_list":{"0":"post-2960","1":"post","2":"type-post","3":"status-publish","4":"format-standard","5":"has-post-thumbnail","7":"category-nacionales","8":"tag-victor-atallah"},"aioseo_notices":[],"_links":{"self":[{"href":"https:\/\/periodicolarepublica.com\/index.php\/wp-json\/wp\/v2\/posts\/2960","targetHints":{"allow":["GET"]}}],"collection":[{"href":"https:\/\/periodicolarepublica.com\/index.php\/wp-json\/wp\/v2\/posts"}],"about":[{"href":"https:\/\/periodicolarepublica.com\/index.php\/wp-json\/wp\/v2\/types\/post"}],"author":[{"embeddable":true,"href":"https:\/\/periodicolarepublica.com\/index.php\/wp-json\/wp\/v2\/users\/10"}],"replies":[{"embeddable":true,"href":"https:\/\/periodicolarepublica.com\/index.php\/wp-json\/wp\/v2\/comments?post=2960"}],"version-history":[{"count":1,"href":"https:\/\/periodicolarepublica.com\/index.php\/wp-json\/wp\/v2\/posts\/2960\/revisions"}],"predecessor-version":[{"id":2962,"href":"https:\/\/periodicolarepublica.com\/index.php\/wp-json\/wp\/v2\/posts\/2960\/revisions\/2962"}],"wp:featuredmedia":[{"embeddable":true,"href":"https:\/\/periodicolarepublica.com\/index.php\/wp-json\/wp\/v2\/media\/2961"}],"wp:attachment":[{"href":"https:\/\/periodicolarepublica.com\/index.php\/wp-json\/wp\/v2\/media?parent=2960"}],"wp:term":[{"taxonomy":"category","embeddable":true,"href":"https:\/\/periodicolarepublica.com\/index.php\/wp-json\/wp\/v2\/categories?post=2960"},{"taxonomy":"post_tag","embeddable":true,"href":"https:\/\/periodicolarepublica.com\/index.php\/wp-json\/wp\/v2\/tags?post=2960"}],"curies":[{"name":"wp","href":"https:\/\/api.w.org\/{rel}","templated":true}]}}