{"id":2963,"date":"2025-04-06T01:13:06","date_gmt":"2025-04-05T23:13:06","guid":{"rendered":"https:\/\/periodicolarepublica.com\/?p=2963"},"modified":"2025-04-06T01:13:06","modified_gmt":"2025-04-05T23:13:06","slug":"alcaldia-dn-y-policia-nacional-realizan-operativo-conjunto-para-garantizar-orden-en-el-distrito-nacional","status":"publish","type":"post","link":"https:\/\/periodicolarepublica.com\/index.php\/2025\/04\/06\/alcaldia-dn-y-policia-nacional-realizan-operativo-conjunto-para-garantizar-orden-en-el-distrito-nacional\/","title":{"rendered":"Alcaldia DN y Polic\u00eda Nacional realizan operativo conjunto para garantizar orden en el Distrito Nacional"},"content":{"rendered":"<p>Retiran a 26 vendedores irregulares de importantes avenidas de la capital<\/p>\n<p>Santo Domingo, DN &#8211; La Alcald\u00eda del Distrito Nacional, a trav\u00e9s de su Direcci\u00f3n de Defensor\u00eda y Uso de Espacios P\u00fablicos (DUEP), y la Polic\u00eda Nacional realizaron un operativo para retirar a vendedores ambulantes que ocupaban las v\u00edas de forma irregular.<\/p>\n<p>&nbsp;<\/p>\n<p>La iniciativa, desarrollada en la circunscripci\u00f3n uno del Distrito Nacional, estuvo encabezada por el director de Espacios P\u00fablicos, teniente coronel Jos\u00e9 An\u00edbal Sanz Melo, y por comandante de la C-1 del DN, teniente coronel de la Johnny Gonz\u00e1lez.<\/p>\n<p>&nbsp;<\/p>\n<p>Un total de 26 vendedores fueron retirados en las avenidas N\u00fa\u00f1ez de C\u00e1ceres, Abraham Lincoln, Winston Churchill, M\u00e1ximo G\u00f3mez con 27 de Febrero y M\u00e1ximo G\u00f3mez con John F. Kennedy.<\/p>\n<p>Durante el operativo fueron identificaron ciudadanos extranjeros en condici\u00f3n migratoria irregular, quienes ser\u00e1n puestos a disposici\u00f3n de la Direcci\u00f3n General de Migraci\u00f3n para que proceda de acuerdo a las leyes.<\/p>\n<p>Sanz Melo destac\u00f3 que esta acci\u00f3n forma parte de los esfuerzos coordinados entre la Alcald\u00eda del Distrito Nacional y la Polic\u00eda Nacional para mejorar la seguridad ciudadana y garantizar el libre tr\u00e1nsito vehicular y peatonal en zonas de alta circulaci\u00f3n.<\/p>\n<p>De esta forma, las autoridades reiteraron su compromiso con el orden p\u00fablico y exhortaron a los ciudadanos a respetar los espacios p\u00fablicos y colaborar con las medidas que buscan una ciudad m\u00e1s organizada, segura y transitable para todos.<\/p>\n<p><img loading=\"lazy\" decoding=\"async\" class=\"alignnone size-medium wp-image-2917\" src=\"https:\/\/periodicolarepublica.com\/wp-content\/uploads\/2025\/03\/images-13-300x39.png\" alt=\"\" width=\"300\" height=\"39\" srcset=\"https:\/\/periodicolarepublica.com\/wp-content\/uploads\/2025\/03\/images-13-300x39.png?v=1743275254 300w, https:\/\/periodicolarepublica.com\/wp-content\/uploads\/2025\/03\/images-13-150x20.png?v=1743275254 150w, https:\/\/periodicolarepublica.com\/wp-content\/uploads\/2025\/03\/images-13.png?v=1743275254 600w\" sizes=\"auto, (max-width: 300px) 100vw, 300px\" \/><\/p>\n","protected":false},"excerpt":{"rendered":"<p>Retiran a 26 vendedores irregulares de importantes avenidas de la capital Santo Domingo, DN &#8211; La Alcald\u00eda del Distrito Nacional, a trav\u00e9s de su Direcci\u00f3n de Defensor\u00eda y Uso de Espacios P\u00fablicos (DUEP), y la Polic\u00eda Nacional realizaron un operativo para retirar a vendedores ambulantes que ocupaban las v\u00edas de forma irregular. &nbsp; La iniciativa, [&hellip;]<\/p>\n","protected":false},"author":6,"featured_media":2917,"comment_status":"open","ping_status":"open","sticky":false,"template":"","format":"standard","meta":{"om_disable_all_campaigns":false,"_monsterinsights_skip_tracking":false,"_monsterinsights_sitenote_active":false,"_monsterinsights_sitenote_note":"","_monsterinsights_sitenote_category":0,"footnotes":""},"categories":[1],"tags":[],"class_list":{"0":"post-2963","1":"post","2":"type-post","3":"status-publish","4":"format-standard","5":"has-post-thumbnail","7":"category-nacionales"},"aioseo_notices":[],"_links":{"self":[{"href":"https:\/\/periodicolarepublica.com\/index.php\/wp-json\/wp\/v2\/posts\/2963","targetHints":{"allow":["GET"]}}],"collection":[{"href":"https:\/\/periodicolarepublica.com\/index.php\/wp-json\/wp\/v2\/posts"}],"about":[{"href":"https:\/\/periodicolarepublica.com\/index.php\/wp-json\/wp\/v2\/types\/post"}],"author":[{"embeddable":true,"href":"https:\/\/periodicolarepublica.com\/index.php\/wp-json\/wp\/v2\/users\/6"}],"replies":[{"embeddable":true,"href":"https:\/\/periodicolarepublica.com\/index.php\/wp-json\/wp\/v2\/comments?post=2963"}],"version-history":[{"count":1,"href":"https:\/\/periodicolarepublica.com\/index.php\/wp-json\/wp\/v2\/posts\/2963\/revisions"}],"predecessor-version":[{"id":2964,"href":"https:\/\/periodicolarepublica.com\/index.php\/wp-json\/wp\/v2\/posts\/2963\/revisions\/2964"}],"wp:featuredmedia":[{"embeddable":true,"href":"https:\/\/periodicolarepublica.com\/index.php\/wp-json\/wp\/v2\/media\/2917"}],"wp:attachment":[{"href":"https:\/\/periodicolarepublica.com\/index.php\/wp-json\/wp\/v2\/media?parent=2963"}],"wp:term":[{"taxonomy":"category","embeddable":true,"href":"https:\/\/periodicolarepublica.com\/index.php\/wp-json\/wp\/v2\/categories?post=2963"},{"taxonomy":"post_tag","embeddable":true,"href":"https:\/\/periodicolarepublica.com\/index.php\/wp-json\/wp\/v2\/tags?post=2963"}],"curies":[{"name":"wp","href":"https:\/\/api.w.org\/{rel}","templated":true}]}}