{"id":2965,"date":"2025-04-06T05:20:43","date_gmt":"2025-04-06T03:20:43","guid":{"rendered":"https:\/\/periodicolarepublica.com\/?p=2965"},"modified":"2025-04-06T05:20:43","modified_gmt":"2025-04-06T03:20:43","slug":"ruddy-de-los-santos-con-gesto-solidario-en-su-tierra-natal","status":"publish","type":"post","link":"https:\/\/periodicolarepublica.com\/index.php\/2025\/04\/06\/ruddy-de-los-santos-con-gesto-solidario-en-su-tierra-natal\/","title":{"rendered":"Ruddy de los Santos con gesto solidario en su tierra natal"},"content":{"rendered":"<p>Con la calidez que lo caracteriza y el firme compromiso de seguir aportando a su comunidad, Ruddy de los Santos, conocido\u00a0 como el Amigo que Suma, incansable en cultivar relaciones, la ayuda social, visit\u00f3 una vez m\u00e1s su pueblo natal, Mata de Lim\u00f3n, en el coraz\u00f3n de Manabao.<\/p>\n<p>Durante esta visita, cargada de emotivos recuerdos y vivencias de infancia, De los Santos lider\u00f3 una jornada solidaria en la que se distribuyeron raciones alimenticias a m\u00e1s de 200 mujeres del lugar, entre ellas amas de casa, viudas y madres solteras.<\/p>\n<p>La actividad fue posible gracias al apoyo de amigos cercanos y empresas solidarias, quienes se sumaron a esta causa que, m\u00e1s all\u00e1 de la ayuda material, reafirma los lazos de unidad y esperanza entre los comunitarios.<\/p>\n<p>Esta noble acci\u00f3n reafirma el compromiso de De los Santos con su comunidad, convirti\u00e9ndose en un ejemplo de c\u00f3mo la empat\u00eda y la solidaridad pueden transformar realidades, especialmente en sectores vulnerables.<\/p>\n<p><img loading=\"lazy\" decoding=\"async\" class=\"alignnone size-medium wp-image-2966\" src=\"https:\/\/periodicolarepublica.com\/wp-content\/uploads\/2025\/04\/IMG-20250405-WA0036-300x300.jpg\" alt=\"\" width=\"300\" height=\"300\" srcset=\"https:\/\/periodicolarepublica.com\/wp-content\/uploads\/2025\/04\/IMG-20250405-WA0036-300x300.jpg 300w, https:\/\/periodicolarepublica.com\/wp-content\/uploads\/2025\/04\/IMG-20250405-WA0036-1024x1024.jpg 1024w, https:\/\/periodicolarepublica.com\/wp-content\/uploads\/2025\/04\/IMG-20250405-WA0036-150x150.jpg 150w, https:\/\/periodicolarepublica.com\/wp-content\/uploads\/2025\/04\/IMG-20250405-WA0036-768x768.jpg 768w, https:\/\/periodicolarepublica.com\/wp-content\/uploads\/2025\/04\/IMG-20250405-WA0036-600x600.jpg 600w, https:\/\/periodicolarepublica.com\/wp-content\/uploads\/2025\/04\/IMG-20250405-WA0036-696x696.jpg 696w, https:\/\/periodicolarepublica.com\/wp-content\/uploads\/2025\/04\/IMG-20250405-WA0036-1068x1068.jpg 1068w, https:\/\/periodicolarepublica.com\/wp-content\/uploads\/2025\/04\/IMG-20250405-WA0036.jpg 1280w\" sizes=\"auto, (max-width: 300px) 100vw, 300px\" \/><\/p>\n","protected":false},"excerpt":{"rendered":"<p>Con la calidez que lo caracteriza y el firme compromiso de seguir aportando a su comunidad, Ruddy de los Santos, conocido\u00a0 como el Amigo que Suma, incansable en cultivar relaciones, la ayuda social, visit\u00f3 una vez m\u00e1s su pueblo natal, Mata de Lim\u00f3n, en el coraz\u00f3n de Manabao. Durante esta visita, cargada de emotivos recuerdos [&hellip;]<\/p>\n","protected":false},"author":1,"featured_media":2966,"comment_status":"open","ping_status":"open","sticky":false,"template":"","format":"standard","meta":{"om_disable_all_campaigns":false,"_monsterinsights_skip_tracking":false,"_monsterinsights_sitenote_active":false,"_monsterinsights_sitenote_note":"","_monsterinsights_sitenote_category":0,"footnotes":""},"categories":[1],"tags":[369],"class_list":{"0":"post-2965","1":"post","2":"type-post","3":"status-publish","4":"format-standard","5":"has-post-thumbnail","7":"category-nacionales","8":"tag-ruddy-de-los-santos"},"aioseo_notices":[],"_links":{"self":[{"href":"https:\/\/periodicolarepublica.com\/index.php\/wp-json\/wp\/v2\/posts\/2965","targetHints":{"allow":["GET"]}}],"collection":[{"href":"https:\/\/periodicolarepublica.com\/index.php\/wp-json\/wp\/v2\/posts"}],"about":[{"href":"https:\/\/periodicolarepublica.com\/index.php\/wp-json\/wp\/v2\/types\/post"}],"author":[{"embeddable":true,"href":"https:\/\/periodicolarepublica.com\/index.php\/wp-json\/wp\/v2\/users\/1"}],"replies":[{"embeddable":true,"href":"https:\/\/periodicolarepublica.com\/index.php\/wp-json\/wp\/v2\/comments?post=2965"}],"version-history":[{"count":1,"href":"https:\/\/periodicolarepublica.com\/index.php\/wp-json\/wp\/v2\/posts\/2965\/revisions"}],"predecessor-version":[{"id":2967,"href":"https:\/\/periodicolarepublica.com\/index.php\/wp-json\/wp\/v2\/posts\/2965\/revisions\/2967"}],"wp:featuredmedia":[{"embeddable":true,"href":"https:\/\/periodicolarepublica.com\/index.php\/wp-json\/wp\/v2\/media\/2966"}],"wp:attachment":[{"href":"https:\/\/periodicolarepublica.com\/index.php\/wp-json\/wp\/v2\/media?parent=2965"}],"wp:term":[{"taxonomy":"category","embeddable":true,"href":"https:\/\/periodicolarepublica.com\/index.php\/wp-json\/wp\/v2\/categories?post=2965"},{"taxonomy":"post_tag","embeddable":true,"href":"https:\/\/periodicolarepublica.com\/index.php\/wp-json\/wp\/v2\/tags?post=2965"}],"curies":[{"name":"wp","href":"https:\/\/api.w.org\/{rel}","templated":true}]}}