{"id":2973,"date":"2025-04-06T18:35:21","date_gmt":"2025-04-06T16:35:21","guid":{"rendered":"https:\/\/periodicolarepublica.com\/?p=2973"},"modified":"2025-04-06T18:36:30","modified_gmt":"2025-04-06T16:36:30","slug":"made-in-rd","status":"publish","type":"post","link":"https:\/\/periodicolarepublica.com\/index.php\/2025\/04\/06\/made-in-rd\/","title":{"rendered":"Made In RD"},"content":{"rendered":"<p>En mi pa\u00eds, \ud835\ude4d\ud835\ude5a\ud835\ude65\ud835\ude6a\u0301\ud835\ude57\ud835\ude61\ud835\ude5e\ud835\ude58\ud835\ude56 \ud835\ude3f\ud835\ude64\ud835\ude62\ud835\ude5e\ud835\ude63\ud835\ude5e\ud835\ude58\ud835\ude56\ud835\ude63\ud835\ude56 he visto a las personas esperar durante todo un a\u00f1o, para disfrutar de la semana santa, que aunque para muchos es una \u00e9poca religiosa para otros representan unos d\u00edas de descanso. Tema abordado en uno de nuestro anteriores temas \ud835\ude3c\ud835\ude67\ud835\ude69\ud835\ude5e\u0301\ud835\ude58\ud835\ude6a\ud835\ude61\ud835\ude64 #\ud835\udff4, \ud835\ude3f\ud835\ude5a\ud835\ude68\ud835\ude69\ud835\ude5e\ud835\ude63\ud835\ude64 \ud835\ude4b\ud835\ude6a\ud835\ude63\ud835\ude69\ud835\ude56 \ud835\ude3e\ud835\ude56\ud835\ude63\ud835\ude56.<\/p>\n<p>&nbsp;<\/p>\n<p>En Semana Santa (Ss), hemos aprendido a tener en nuestra gastronom\u00eda \ud835\ude65\ud835\ude61\ud835\ude56\ud835\ude69\ud835\ude64\ud835\ude68 \ud835\ude69\ud835\ude5e\u0301\ud835\ude65\ud835\ude5e\ud835\ude58\ud835\ude64\ud835\ude68 como son las afamadas habichuelas con dulce, toda una delicia en las provincias del Norte, y con cada pueblo que le a\u00f1aden variedades que la hacen m\u00e1s exquisita.<\/p>\n<p>&nbsp;<\/p>\n<p>Sin embargo, en las provincias del Sur el plato de esta fecha es la chaca de ma\u00edz, otros chen chen, y algunos pueblos el majarete. En el caso de las provincias del Este, hacen un mixto de todo un poco para la digna representaci\u00f3n nacional en el sector tur\u00edstico.<\/p>\n<p>&nbsp;<\/p>\n<p>Ahora bien, el acompa\u00f1amiento de estos platos que b\u00e1sicamente se reconocen como parte de la \ud835\ude5c\ud835\ude56\ud835\ude68\ud835\ude69\ud835\ude67\ud835\ude64\ud835\ude63\ud835\ude64\ud835\ude62\ud835\ude5e\u0301\ud835\ude56 \ud835\ude59\ud835\ude64\ud835\ude62\ud835\ude5e\ud835\ude63\ud835\ude5e\ud835\ude58\ud835\ude56\ud835\ude63\ud835\ude56, en lo agradable tambi\u00e9n influye el lugar para darle m\u00e1s emoci\u00f3n al momento de consumirlo.<\/p>\n<p>&nbsp;<\/p>\n<p>\ud835\ude47\ud835\ude6a\ud835\ude5c\ud835\ude56\ud835\ude67\ud835\ude5a\ud835\ude68 \ud835\ude5e\ud835\ude59\ud835\ude5a\ud835\ude56\ud835\ude61\ud835\ude5a\ud835\ude68 \ud835\ude65\ud835\ude56\ud835\ude67\ud835\ude56 \ud835\ude69\ud835\ude6a\ud835\ude67\ud835\ude5e\ud835\ude68\ud835\ude62\ud835\ude64 \ud835\ude5e\ud835\ude63\ud835\ude69\ud835\ude5a\ud835\ude67\ud835\ude63\ud835\ude64, \ud835\ude65\ud835\ude67\ud835\ude64\ud835\ude6e\ud835\ude5a\ud835\ude58\ud835\ude69\ud835\ude64\ud835\ude68 \ud835\ude59\ud835\ude5a \ud835\ude6b\ud835\ude5e\ud835\ude56\ud835\ude5f\ud835\ude5a\ud835\ude68 \ud835\ude5b\ud835\ude56\ud835\ude62\ud835\ude5e\ud835\ude61\ud835\ude5e\ud835\ude56\ud835\ude67\ud835\ude5a\ud835\ude68 \ud835\ude6e \ud835\ude69\ud835\ude56\ud835\ude62\ud835\ude57\ud835\ude5e\ud835\ude5a\ud835\ude63 \ud835\ude65\ud835\ude56\ud835\ude67\ud835\ude56 \ud835\ude6a\ud835\ude63 \ud835\ude59\ud835\ude5a\ud835\ude68\ud835\ude58\ud835\ude56\ud835\ude63\ud835\ude68\ud835\ude64 \ud835\ude61\ud835\ude5a\ud835\ude5f\ud835\ude64\ud835\ude68 \ud835\ude59\ud835\ude5a \ud835\ude61\ud835\ude56 \ud835\ude58\ud835\ude5e\ud835\ude6a\ud835\ude59\ud835\ude56\ud835\ude59.<\/p>\n<p>\ud835\ude47\ud835\ude64 \ud835\ude66\ud835\ude6a\ud835\ude5a \ud835\ude5b\ud835\ude56\ud835\ude58\ud835\ude5e\ud835\ude61\ud835\ude5e\ud835\ude69\ud835\ude56 \ud835\ude5a\ud835\ude61 \ud835\ude69\ud835\ude6a\ud835\ude67\ud835\ude5e\ud835\ude68\ud835\ude62\ud835\ude64, \ud835\ude69\ud835\ude56\ud835\ude63\ud835\ude69\ud835\ude64 \ud835\ude63\ud835\ude56\ud835\ude58\ud835\ude5e\ud835\ude64\ud835\ude63\ud835\ude56\ud835\ude61 \ud835\ude58\ud835\ude64\ud835\ude62\ud835\ude64 \ud835\ude5e\ud835\ude63\ud835\ude69\ud835\ude5a\ud835\ude67\ud835\ude63\ud835\ude56\ud835\ude58\ud835\ude5e\ud835\ude64\ud835\ude63\ud835\ude56\ud835\ude61 \ud835\ude65\ud835\ude56\ud835\ude67\ud835\ude56 \ud835\ude5a\ud835\ude68\ud835\ude69\ud835\ude56\ud835\ude68 \ud835\ude5b\ud835\ude5a\ud835\ude58\ud835\ude5d\ud835\ude56\ud835\ude68.<\/p>\n<p>&nbsp;<\/p>\n<p>Por lo que, esto lo haremos en sustentados en la clasificaci\u00f3n seg\u00fan la divisi\u00f3n pol\u00edtico administrativa que posee Rep\u00fablica Dominicana, con las tres importantes regiones del pa\u00eds: Regi\u00f3n Cibao, Regi\u00f3n Sur y Regi\u00f3n Este.<\/p>\n<p>&nbsp;<\/p>\n<p>En muchos casos, queremos embarcarnos en una aventura por un lugar que no hayamos visitado y deseamos opciones, que seg\u00fan la regi\u00f3n y su provincia les presento a continuaci\u00f3n&#8230;<\/p>\n<p>&nbsp;<\/p>\n<p>En la \ud835\ude4d\ud835\ude5a\ud835\ude5c\ud835\ude5e\ud835\ude64\u0301\ud835\ude63 \ud835\ude3e\ud835\ude5e\ud835\ude57\ud835\ude56\ud835\ude64, posee 13 provincias<\/p>\n<p>y destacamos para visitar:<\/p>\n<p>&nbsp;<\/p>\n<p>1. Sereno de la Monta\u00f1a, r\u00edos, restaurantes t\u00edpicos, en la provincia Espaillat (Moca).<\/p>\n<p>2. Visitas a lugares emblem\u00e1ticos e hist\u00f3ricos, la catedral, la virgen de las rosas o rosa m\u00edstica en monse\u00f1or panal,restaurantes, ruinas coloniales de la Vega vieja, parques, santo cerro, reserva cient\u00edfica de valle nuevo y m\u00e1s reciente inaugurado el Museo Cultural Liriano, con el museo del bonsai, rios, balnearios, arroyos, en la provincia la Vega.<\/p>\n<p>3. Centros del pueblo, negocios emblem\u00e1ticos, Paseo de las Sombrillas, parque malec\u00f3n y el Caf\u00e9, r\u00edos y arroyos, en Jarabacoa y Constanza ambos municipios de La Vega.<\/p>\n<p>4. Rancho las caobas, restaurantes t\u00edpicos, villas, catedral, parques, r\u00edos, balnearios. Monse\u00f1or Nouel.<\/p>\n<p>5. Monumento a los H\u00e9roes de la Restauraci\u00f3n, La Catedral, Mundo Acu\u00e1tico, restaurantes, cine, en Santiago.<\/p>\n<p>6. Grecilandia, tour en Telef\u00e9rico, Puerto de San Felipe, punto de los mariscos, Malec\u00f3n, Paseo de Do\u00f1a Blanca, Paseo de las sombrillas, Paseo en autos antiguos, hoteles, restaurantes, playas, todo esto en Puerto Plata.<\/p>\n<p>7. Cayo arena, el morro, visitas por la ciudad, parque central, el reloj, monumentos, visitas locales en manzanillo, la casa azul, montar bici por la ciudad, ecoturismo en Montecristi.<\/p>\n<p>8. Balnearios, playas, visitas por la ciudad, parque central, proyectos campestres, ecoturismo, en Valverde Mao.<\/p>\n<p>9. Monumento a los h\u00e9roes del Grito de Capotillo, Igleisa, parque central, en Dajab\u00f3n.<\/p>\n<p>&nbsp;<\/p>\n<p>En la \ud835\ude4d\ud835\ude5a\ud835\ude5c\ud835\ude5e\ud835\ude64\u0301\ud835\ude63 \ud835\ude4e\ud835\ude6a\ud835\ude67, tenemos :<\/p>\n<p>1. La zona colonial lugares hist\u00f3ricos y culturales, restaurantes, hoteles, plazas comerciales, cines, teatro, malec\u00f3n SD, Faro a Col\u00f3n, malec\u00f3n SDE, miradores, en Santo Domingo.<\/p>\n<p>2. La toma, r\u00edos, balnearios, villas, paseos por la ciudad, parques, restaurantes t\u00edpicos, centros deportivos, San Crist\u00f3bal.<\/p>\n<p>3. Dunas, playas, r\u00edos, restaurantes t\u00edpicos, Salinas, villas, parques, catedral en Bani.<\/p>\n<p>4. R\u00edos, balnearios, restaurantes t\u00edpicas , villas, parques, ecoturismo, fincas, monta\u00f1as, San Jos\u00e9 Ocoa<\/p>\n<p>5. Playa, hoteles, villas parques, balnearios, manantiales, restaurantes t\u00edpicos Barahona.<\/p>\n<p>&nbsp;<\/p>\n<p>En la \ud835\ude4d\ud835\ude5a\ud835\ude5c\ud835\ude5e\ud835\ude64\u0301\ud835\ude63 \ud835\ude40\ud835\ude68\ud835\ude69\ud835\ude5a, tenemos :<\/p>\n<p>1. Isla Catalino, pescadores, hoteles, restaurantes, villas, parques, lagunas, balnearios, ubicada en la Romana es uno de los principales destinos tur\u00edsticos del pa\u00eds.<\/p>\n<p>2. Punta Cana, y Bayahibe son el para\u00edso, hoteles de lujo, villas, restaurantes, paseos por la ciudad, plazas comerciales. La bas\u00edlica. Higuey. Con arenas m\u00e1s blancas y hermosas de la regi\u00f3n.<\/p>\n<p>3. La cueva las maravillas, laberinto, parques, r\u00edos, restaurantes t\u00edpicos, balnearios, paseos por la ciudad a lugares culturales e hist\u00f3ricos, en San Pedro de Macor\u00eds.<\/p>\n<p>4. La monta\u00f1a redonda, parques, catedral, balnearios, r\u00edos, restaurantes, granjas, villas, paseos de monta\u00f1as, criadero m\u00e1s emblem\u00e1tico de caballos de paso fino, en Miches.<\/p>\n<p>5. Las terrenas, las galeras, cayo levantado, arroyos, playas, parques, hoteles, restaurantes, villas, paseos por la ciudad, ecoturismo, Saman\u00e1.<\/p>\n<p>&nbsp;<\/p>\n<p>Definitivamente en Rep\u00fablica Dominicana tenemos un \ud835\ude5a\ud835\ude68\ud835\ude58\ud835\ude5a\ud835\ude63\ud835\ude56\ud835\ude67\ud835\ude5e\ud835\ude64 \ud835\ude65\ud835\ude5a\ud835\ude67\ud835\ude5b\ud835\ude5a\ud835\ude58\ud835\ude69\ud835\ude64, para salir a disfrutar de unas \ud835\ude6b\ud835\ude56\ud835\ude58\ud835\ude56\ud835\ude58\ud835\ude5e\ud835\ude64\ud835\ude63\ud835\ude5a\ud835\ude68 \ud835\ude5a\ud835\ude63 \ud835\ude5b\ud835\ude56\ud835\ude62\ud835\ude5e\ud835\ude61\ud835\ude5e\ud835\ude56, y por que no?,<\/p>\n<p>&nbsp;<\/p>\n<p style=\"text-align: left\">Aqu\u00ed es posible \ud835\ude59\ud835\ude5e\ud835\ude68\ud835\ude5b\ud835\ude67\ud835\ude6a\ud835\ude69\ud835\ude56\ud835\ude67 con los amigos, practicar en m\u00faltiples \u00e1reas recreativas deportivas en todas las provincias del pa\u00eds, montar bicicletas y patinar en los diferentes miradores.<img loading=\"lazy\" decoding=\"async\" class=\"size-medium wp-image-2969 alignright\" src=\"https:\/\/periodicolarepublica.com\/wp-content\/uploads\/2025\/04\/IMG-20250406-WA0281-240x300.jpg\" alt=\"\" width=\"240\" height=\"300\" \/><\/p>\n","protected":false},"excerpt":{"rendered":"<p>En mi pa\u00eds, \ud835\ude4d\ud835\ude5a\ud835\ude65\ud835\ude6a\u0301\ud835\ude57\ud835\ude61\ud835\ude5e\ud835\ude58\ud835\ude56 \ud835\ude3f\ud835\ude64\ud835\ude62\ud835\ude5e\ud835\ude63\ud835\ude5e\ud835\ude58\ud835\ude56\ud835\ude63\ud835\ude56 he visto a las personas esperar durante todo un a\u00f1o, para disfrutar de la semana santa, que aunque para muchos es una \u00e9poca religiosa para otros representan unos d\u00edas de descanso. Tema abordado en uno de nuestro anteriores temas \ud835\ude3c\ud835\ude67\ud835\ude69\ud835\ude5e\u0301\ud835\ude58\ud835\ude6a\ud835\ude61\ud835\ude64 #\ud835\udff4, \ud835\ude3f\ud835\ude5a\ud835\ude68\ud835\ude69\ud835\ude5e\ud835\ude63\ud835\ude64 \ud835\ude4b\ud835\ude6a\ud835\ude63\ud835\ude69\ud835\ude56 \ud835\ude3e\ud835\ude56\ud835\ude63\ud835\ude56. &nbsp; En Semana Santa (Ss), hemos [&hellip;]<\/p>\n","protected":false},"author":10,"featured_media":0,"comment_status":"open","ping_status":"open","sticky":false,"template":"","format":"standard","meta":{"om_disable_all_campaigns":false,"_monsterinsights_skip_tracking":false,"_monsterinsights_sitenote_active":false,"_monsterinsights_sitenote_note":"","_monsterinsights_sitenote_category":0,"footnotes":""},"categories":[1],"tags":[],"class_list":{"0":"post-2973","1":"post","2":"type-post","3":"status-publish","4":"format-standard","6":"category-nacionales"},"aioseo_notices":[],"_links":{"self":[{"href":"https:\/\/periodicolarepublica.com\/index.php\/wp-json\/wp\/v2\/posts\/2973","targetHints":{"allow":["GET"]}}],"collection":[{"href":"https:\/\/periodicolarepublica.com\/index.php\/wp-json\/wp\/v2\/posts"}],"about":[{"href":"https:\/\/periodicolarepublica.com\/index.php\/wp-json\/wp\/v2\/types\/post"}],"author":[{"embeddable":true,"href":"https:\/\/periodicolarepublica.com\/index.php\/wp-json\/wp\/v2\/users\/10"}],"replies":[{"embeddable":true,"href":"https:\/\/periodicolarepublica.com\/index.php\/wp-json\/wp\/v2\/comments?post=2973"}],"version-history":[{"count":2,"href":"https:\/\/periodicolarepublica.com\/index.php\/wp-json\/wp\/v2\/posts\/2973\/revisions"}],"predecessor-version":[{"id":2975,"href":"https:\/\/periodicolarepublica.com\/index.php\/wp-json\/wp\/v2\/posts\/2973\/revisions\/2975"}],"wp:attachment":[{"href":"https:\/\/periodicolarepublica.com\/index.php\/wp-json\/wp\/v2\/media?parent=2973"}],"wp:term":[{"taxonomy":"category","embeddable":true,"href":"https:\/\/periodicolarepublica.com\/index.php\/wp-json\/wp\/v2\/categories?post=2973"},{"taxonomy":"post_tag","embeddable":true,"href":"https:\/\/periodicolarepublica.com\/index.php\/wp-json\/wp\/v2\/tags?post=2973"}],"curies":[{"name":"wp","href":"https:\/\/api.w.org\/{rel}","templated":true}]}}