{"id":2976,"date":"2025-04-06T20:54:40","date_gmt":"2025-04-06T18:54:40","guid":{"rendered":"https:\/\/periodicolarepublica.com\/?p=2976"},"modified":"2025-04-06T20:54:40","modified_gmt":"2025-04-06T18:54:40","slug":"carolina-mejia-una-lider-con-vision-para-la-republica-dominicana","status":"publish","type":"post","link":"https:\/\/periodicolarepublica.com\/index.php\/2025\/04\/06\/carolina-mejia-una-lider-con-vision-para-la-republica-dominicana\/","title":{"rendered":"Carolina Mej\u00eda: Una L\u00edder con Visi\u00f3n para la Rep\u00fablica Dominicana"},"content":{"rendered":"<p>Carolina Mej\u00eda se ha consolidado como una figura destacada en la pol\u00edtica dominicana, mostrando una determinaci\u00f3n y una inteligencia que la posicionan como una potencial futura presidenta de la Rep\u00fablica Dominicana. Su trayectoria es un testimonio de su compromiso y capacidad para liderar.<\/p>\n<p>&nbsp;<\/p>\n<p>Desde su papel como la primera alcaldesa de Santo Domingo, Mej\u00eda ha demostrado que es una mujer guerrera, capaz de enfrentar desaf\u00edos y convertirlos en oportunidades. Su liderazgo en la capital del pa\u00eds ha sido fundamental para implementar cambios positivos en la gesti\u00f3n municipal, abordando problemas como la infraestructura y los servicios p\u00fablicos.<\/p>\n<p>&nbsp;<\/p>\n<p>Adem\u00e1s, su papel como madre de familia a\u00f1ade una dimensi\u00f3n invaluable a su car\u00e1cter. Esta experiencia personal le permite conectarse con las necesidades de la ciudadan\u00eda, entendiendo las preocupaciones de las familias dominicanas. Su capacidad para equilibrar su vida personal y profesional es un ejemplo inspirador para muchas mujeres en el pa\u00eds.<\/p>\n<p>&nbsp;<\/p>\n<p>Como primera secretaria general del Partido Revolucionario Moderno (PRM), Carolina ha trabajado incansablemente para fortalecer su organizaci\u00f3n. Su liderazgo ha sido clave para impulsar pol\u00edticas que favorecen el desarrollo social y econ\u00f3mico, y ha promovido la inclusi\u00f3n de m\u00e1s mujeres en la pol\u00edtica, lo que es esencial para una democracia m\u00e1s representativa.<\/p>\n<p>&nbsp;<\/p>\n<p>Mej\u00eda no solo cuenta con un s\u00f3lido respaldo pol\u00edtico, sino que tambi\u00e9n tiene m\u00e9ritos propios que la destacan. Su formaci\u00f3n acad\u00e9mica y su experiencia en la gesti\u00f3n p\u00fablica le han proporcionado las herramientas necesarias para asumir roles de mayor responsabilidad. Su inteligencia estrat\u00e9gica le permite abordar problemas complejos con soluciones innovadoras.<\/p>\n<p>&nbsp;<\/p>\n<p>El contexto actual de la Rep\u00fablica Dominicana exige l\u00edderes con visi\u00f3n y capacidad de adaptaci\u00f3n. Carolina Mej\u00eda ha demostrado ser una pol\u00edtica que est\u00e1 en sinton\u00eda con las necesidades del pueblo, y su enfoque en la participaci\u00f3n ciudadana es un reflejo de su deseo de construir un pa\u00eds m\u00e1s inclusivo y democr\u00e1tico.<\/p>\n<p>&nbsp;<\/p>\n<p>La figura de Carolina Mej\u00eda tambi\u00e9n representa un cambio generacional en la pol\u00edtica dominicana. Su juventud y dinamismo son cualidades que pueden atraer a un electorado m\u00e1s joven, ansioso de ver un futuro diferente. Su capacidad de conectar con las nuevas generaciones es crucial para el desarrollo pol\u00edtico del pa\u00eds.<\/p>\n<p>&nbsp;<\/p>\n<p>A medida que el pa\u00eds enfrenta desaf\u00edos significativos, como la pobreza y el acceso a la educaci\u00f3n, la visi\u00f3n de Mej\u00eda para una Rep\u00fablica Dominicana m\u00e1s pr\u00f3spera y equitativa se vuelve a\u00fan m\u00e1s relevante. Su compromiso con el desarrollo sostenible y la justicia social podr\u00eda marcar un antes y un despu\u00e9s en la historia del pa\u00eds.<\/p>\n<p>&nbsp;<\/p>\n<p>En conclusi\u00f3n, Carolina Mej\u00eda se perfila como una l\u00edder con el potencial de ser una gran gobernante dominicana. Su determinaci\u00f3n, inteligencia y preparaci\u00f3n la convierten en una candidata fuerte para la presidencia. Como mujer guerrera, madre y pol\u00edtica, su trayectoria es un ejemplo de lo que se puede lograr a trav\u00e9s del trabajo arduo y la dedicaci\u00f3n al servicio p\u00fablico. La Rep\u00fablica Dominicana necesita l\u00edderes como ella que est\u00e9n dispuestos a luchar por un futuro mejor para todos.<img loading=\"lazy\" decoding=\"async\" class=\"size-medium wp-image-2977 alignright\" src=\"https:\/\/periodicolarepublica.com\/wp-content\/uploads\/2025\/04\/IMG_20250406_145217-300x235.jpg\" alt=\"\" width=\"300\" height=\"235\" srcset=\"https:\/\/periodicolarepublica.com\/wp-content\/uploads\/2025\/04\/IMG_20250406_145217-300x235.jpg?v=1743965657 300w, https:\/\/periodicolarepublica.com\/wp-content\/uploads\/2025\/04\/IMG_20250406_145217-768x603.jpg?v=1743965657 768w, https:\/\/periodicolarepublica.com\/wp-content\/uploads\/2025\/04\/IMG_20250406_145217-150x118.jpg?v=1743965657 150w, https:\/\/periodicolarepublica.com\/wp-content\/uploads\/2025\/04\/IMG_20250406_145217-600x471.jpg?v=1743965657 600w, https:\/\/periodicolarepublica.com\/wp-content\/uploads\/2025\/04\/IMG_20250406_145217-696x546.jpg?v=1743965657 696w, https:\/\/periodicolarepublica.com\/wp-content\/uploads\/2025\/04\/IMG_20250406_145217.jpg?v=1743965657 772w\" sizes=\"auto, (max-width: 300px) 100vw, 300px\" \/><\/p>\n","protected":false},"excerpt":{"rendered":"<p>Carolina Mej\u00eda se ha consolidado como una figura destacada en la pol\u00edtica dominicana, mostrando una determinaci\u00f3n y una inteligencia que la posicionan como una potencial futura presidenta de la Rep\u00fablica Dominicana. Su trayectoria es un testimonio de su compromiso y capacidad para liderar. &nbsp; Desde su papel como la primera alcaldesa de Santo Domingo, Mej\u00eda [&hellip;]<\/p>\n","protected":false},"author":10,"featured_media":2977,"comment_status":"open","ping_status":"open","sticky":false,"template":"","format":"standard","meta":{"om_disable_all_campaigns":false,"_monsterinsights_skip_tracking":false,"_monsterinsights_sitenote_active":false,"_monsterinsights_sitenote_note":"","_monsterinsights_sitenote_category":0,"footnotes":""},"categories":[1],"tags":[37],"class_list":{"0":"post-2976","1":"post","2":"type-post","3":"status-publish","4":"format-standard","5":"has-post-thumbnail","7":"category-nacionales","8":"tag-carolina-mejia"},"aioseo_notices":[],"_links":{"self":[{"href":"https:\/\/periodicolarepublica.com\/index.php\/wp-json\/wp\/v2\/posts\/2976","targetHints":{"allow":["GET"]}}],"collection":[{"href":"https:\/\/periodicolarepublica.com\/index.php\/wp-json\/wp\/v2\/posts"}],"about":[{"href":"https:\/\/periodicolarepublica.com\/index.php\/wp-json\/wp\/v2\/types\/post"}],"author":[{"embeddable":true,"href":"https:\/\/periodicolarepublica.com\/index.php\/wp-json\/wp\/v2\/users\/10"}],"replies":[{"embeddable":true,"href":"https:\/\/periodicolarepublica.com\/index.php\/wp-json\/wp\/v2\/comments?post=2976"}],"version-history":[{"count":1,"href":"https:\/\/periodicolarepublica.com\/index.php\/wp-json\/wp\/v2\/posts\/2976\/revisions"}],"predecessor-version":[{"id":2978,"href":"https:\/\/periodicolarepublica.com\/index.php\/wp-json\/wp\/v2\/posts\/2976\/revisions\/2978"}],"wp:featuredmedia":[{"embeddable":true,"href":"https:\/\/periodicolarepublica.com\/index.php\/wp-json\/wp\/v2\/media\/2977"}],"wp:attachment":[{"href":"https:\/\/periodicolarepublica.com\/index.php\/wp-json\/wp\/v2\/media?parent=2976"}],"wp:term":[{"taxonomy":"category","embeddable":true,"href":"https:\/\/periodicolarepublica.com\/index.php\/wp-json\/wp\/v2\/categories?post=2976"},{"taxonomy":"post_tag","embeddable":true,"href":"https:\/\/periodicolarepublica.com\/index.php\/wp-json\/wp\/v2\/tags?post=2976"}],"curies":[{"name":"wp","href":"https:\/\/api.w.org\/{rel}","templated":true}]}}