{"id":2979,"date":"2025-04-07T15:05:03","date_gmt":"2025-04-07T13:05:03","guid":{"rendered":"https:\/\/periodicolarepublica.com\/?p=2979"},"modified":"2025-04-07T15:05:03","modified_gmt":"2025-04-07T13:05:03","slug":"carolina-apoya-medidas-anunciadas-por-abinader-y-se-pone-a-disposicion-para-darle-seguimiento-en-la-capital","status":"publish","type":"post","link":"https:\/\/periodicolarepublica.com\/index.php\/2025\/04\/07\/carolina-apoya-medidas-anunciadas-por-abinader-y-se-pone-a-disposicion-para-darle-seguimiento-en-la-capital\/","title":{"rendered":"Carolina apoya medidas anunciadas por Abinader y se pone a disposici\u00f3n para darle seguimiento en la capital"},"content":{"rendered":"<p>Carolina Mej\u00eda expres\u00f3 su completo apoyo a las medidas anunciadas ayer por el presidente Luis Abinader con miras a controlar la migraci\u00f3n irregular en el pa\u00eds.<\/p>\n<p>A trav\u00e9s de un mensaje en su cuenta de X, la alcaldesa del Distrito Nacional se puso a disposici\u00f3n del mandatario para implementar en la capital los programas necesarios para dar seguimiento a las disposiciones informadas.<\/p>\n<p>En un mensaje dirigido a la naci\u00f3n, Abinader revel\u00f3 15 medidas que se implementar\u00e1n para controlar la presencia irregular de haitianos en Rep\u00fablica Dominicana.<\/p>\n<p><img loading=\"lazy\" decoding=\"async\" class=\"alignnone size-medium wp-image-2980\" src=\"https:\/\/periodicolarepublica.com\/wp-content\/uploads\/2025\/04\/IMG-20250407-WA0010-300x242.jpg\" alt=\"\" width=\"300\" height=\"242\" srcset=\"https:\/\/periodicolarepublica.com\/wp-content\/uploads\/2025\/04\/IMG-20250407-WA0010-300x242.jpg 300w, https:\/\/periodicolarepublica.com\/wp-content\/uploads\/2025\/04\/IMG-20250407-WA0010-1024x828.jpg 1024w, https:\/\/periodicolarepublica.com\/wp-content\/uploads\/2025\/04\/IMG-20250407-WA0010-768x621.jpg 768w, https:\/\/periodicolarepublica.com\/wp-content\/uploads\/2025\/04\/IMG-20250407-WA0010-1536x1241.jpg 1536w, https:\/\/periodicolarepublica.com\/wp-content\/uploads\/2025\/04\/IMG-20250407-WA0010-150x121.jpg 150w, https:\/\/periodicolarepublica.com\/wp-content\/uploads\/2025\/04\/IMG-20250407-WA0010-600x485.jpg 600w, https:\/\/periodicolarepublica.com\/wp-content\/uploads\/2025\/04\/IMG-20250407-WA0010-696x562.jpg 696w, https:\/\/periodicolarepublica.com\/wp-content\/uploads\/2025\/04\/IMG-20250407-WA0010-1392x1125.jpg 1392w, https:\/\/periodicolarepublica.com\/wp-content\/uploads\/2025\/04\/IMG-20250407-WA0010-1068x863.jpg 1068w, https:\/\/periodicolarepublica.com\/wp-content\/uploads\/2025\/04\/IMG-20250407-WA0010.jpg 1600w\" sizes=\"auto, (max-width: 300px) 100vw, 300px\" \/><\/p>\n","protected":false},"excerpt":{"rendered":"<p>Carolina Mej\u00eda expres\u00f3 su completo apoyo a las medidas anunciadas ayer por el presidente Luis Abinader con miras a controlar la migraci\u00f3n irregular en el pa\u00eds. A trav\u00e9s de un mensaje en su cuenta de X, la alcaldesa del Distrito Nacional se puso a disposici\u00f3n del mandatario para implementar en la capital los programas necesarios [&hellip;]<\/p>\n","protected":false},"author":6,"featured_media":2980,"comment_status":"open","ping_status":"open","sticky":false,"template":"","format":"standard","meta":{"om_disable_all_campaigns":false,"_monsterinsights_skip_tracking":false,"_monsterinsights_sitenote_active":false,"_monsterinsights_sitenote_note":"","_monsterinsights_sitenote_category":0,"footnotes":""},"categories":[1],"tags":[],"class_list":{"0":"post-2979","1":"post","2":"type-post","3":"status-publish","4":"format-standard","5":"has-post-thumbnail","7":"category-nacionales"},"aioseo_notices":[],"_links":{"self":[{"href":"https:\/\/periodicolarepublica.com\/index.php\/wp-json\/wp\/v2\/posts\/2979","targetHints":{"allow":["GET"]}}],"collection":[{"href":"https:\/\/periodicolarepublica.com\/index.php\/wp-json\/wp\/v2\/posts"}],"about":[{"href":"https:\/\/periodicolarepublica.com\/index.php\/wp-json\/wp\/v2\/types\/post"}],"author":[{"embeddable":true,"href":"https:\/\/periodicolarepublica.com\/index.php\/wp-json\/wp\/v2\/users\/6"}],"replies":[{"embeddable":true,"href":"https:\/\/periodicolarepublica.com\/index.php\/wp-json\/wp\/v2\/comments?post=2979"}],"version-history":[{"count":1,"href":"https:\/\/periodicolarepublica.com\/index.php\/wp-json\/wp\/v2\/posts\/2979\/revisions"}],"predecessor-version":[{"id":2981,"href":"https:\/\/periodicolarepublica.com\/index.php\/wp-json\/wp\/v2\/posts\/2979\/revisions\/2981"}],"wp:featuredmedia":[{"embeddable":true,"href":"https:\/\/periodicolarepublica.com\/index.php\/wp-json\/wp\/v2\/media\/2980"}],"wp:attachment":[{"href":"https:\/\/periodicolarepublica.com\/index.php\/wp-json\/wp\/v2\/media?parent=2979"}],"wp:term":[{"taxonomy":"category","embeddable":true,"href":"https:\/\/periodicolarepublica.com\/index.php\/wp-json\/wp\/v2\/categories?post=2979"},{"taxonomy":"post_tag","embeddable":true,"href":"https:\/\/periodicolarepublica.com\/index.php\/wp-json\/wp\/v2\/tags?post=2979"}],"curies":[{"name":"wp","href":"https:\/\/api.w.org\/{rel}","templated":true}]}}