{"id":2982,"date":"2025-04-07T15:31:32","date_gmt":"2025-04-07T13:31:32","guid":{"rendered":"https:\/\/periodicolarepublica.com\/?p=2982"},"modified":"2025-04-07T15:31:32","modified_gmt":"2025-04-07T13:31:32","slug":"poder-pal-pueblo-respaldan-medidas-de-migracion-del-presidente-luis-abinader","status":"publish","type":"post","link":"https:\/\/periodicolarepublica.com\/index.php\/2025\/04\/07\/poder-pal-pueblo-respaldan-medidas-de-migracion-del-presidente-luis-abinader\/","title":{"rendered":"Poder P&#8217;AL Pueblo Respaldan Medidas de Migraci\u00f3n del Presidente Luis Abinader"},"content":{"rendered":"<p>Santo Domingo\u2013 El presidente del Movimiento Poder P&#8217;AL Pueblo, ingeniero Tom\u00e1s Hern\u00e1ndez Alberto, ha expresado su firme respaldo a las medidas anunciadas por el presidente Luis Abinader en relaci\u00f3n con la migraci\u00f3n. Hern\u00e1ndez Alberto subray\u00f3 la importancia de mantener la unidad y trabajar en conjunto por la soberan\u00eda de la Rep\u00fablica Dominicana.<\/p>\n<p>Durante su intervenci\u00f3n, Hern\u00e1ndez Alberto destac\u00f3 el gran esfuerzo del presidente Abinader desde que asumi\u00f3 el cargo en 2020, enfrentando la crisis en el vecino Hait\u00ed. \u201cEl presidente ha trabajado sin descanso para proteger la Rep\u00fablica Dominicana ante los desaf\u00edos m\u00e1s complejos\u201d, afirm\u00f3.<\/p>\n<p>\u201cRespaldamos totalmente las 15 medidas anunciadas por el presidente Abinader para preservar la convivencia humana y patri\u00f3tica, y no ceder ni un \u00e1pice en la protecci\u00f3n de la soberan\u00eda nacional\u201d, agreg\u00f3 Hern\u00e1ndez Alberto, enfatizando la necesidad de un enfoque s\u00f3lido y decidido en el manejo de la migraci\u00f3n.<\/p>\n<p>El l\u00edder del movimiento tambi\u00e9n hizo hincapi\u00e9 en que las acciones implementadas son esenciales para garantizar la seguridad y bienestar de todos los dominicanos. \u201cEs fundamental que todos los sectores de la sociedad se unan en este esfuerzo\u201d, expres\u00f3.<\/p>\n<p>Hern\u00e1ndez Alberto inst\u00f3 a la ciudadan\u00eda a permanecer informada y comprometida con las iniciativas que buscan fortalecer la naci\u00f3n. \u201cLa unidad es nuestra mayor fortaleza en estos tiempos de incertidumbre\u201d, concluy\u00f3.<img loading=\"lazy\" decoding=\"async\" class=\"size-medium wp-image-2832 alignright\" src=\"https:\/\/periodicolarepublica.com\/wp-content\/uploads\/2025\/03\/IMG_20250309_160456-300x201.jpg\" alt=\"\" width=\"300\" height=\"201\" srcset=\"https:\/\/periodicolarepublica.com\/wp-content\/uploads\/2025\/03\/IMG_20250309_160456-300x201.jpg?v=1741565615 300w, https:\/\/periodicolarepublica.com\/wp-content\/uploads\/2025\/03\/IMG_20250309_160456-1024x687.jpg?v=1741565615 1024w, https:\/\/periodicolarepublica.com\/wp-content\/uploads\/2025\/03\/IMG_20250309_160456-768x515.jpg?v=1741565615 768w, https:\/\/periodicolarepublica.com\/wp-content\/uploads\/2025\/03\/IMG_20250309_160456-1536x1030.jpg?v=1741565615 1536w, https:\/\/periodicolarepublica.com\/wp-content\/uploads\/2025\/03\/IMG_20250309_160456-2048x1374.jpg?v=1741565615 2048w, https:\/\/periodicolarepublica.com\/wp-content\/uploads\/2025\/03\/IMG_20250309_160456-150x101.jpg?v=1741565615 150w, https:\/\/periodicolarepublica.com\/wp-content\/uploads\/2025\/03\/IMG_20250309_160456-600x403.jpg?v=1741565615 600w, https:\/\/periodicolarepublica.com\/wp-content\/uploads\/2025\/03\/IMG_20250309_160456-696x467.jpg?v=1741565615 696w, https:\/\/periodicolarepublica.com\/wp-content\/uploads\/2025\/03\/IMG_20250309_160456-1392x934.jpg?v=1741565615 1392w, https:\/\/periodicolarepublica.com\/wp-content\/uploads\/2025\/03\/IMG_20250309_160456-1068x716.jpg?v=1741565615 1068w, https:\/\/periodicolarepublica.com\/wp-content\/uploads\/2025\/03\/IMG_20250309_160456-1920x1288.jpg?v=1741565615 1920w\" sizes=\"auto, (max-width: 300px) 100vw, 300px\" \/><\/p>\n","protected":false},"excerpt":{"rendered":"<p>Santo Domingo\u2013 El presidente del Movimiento Poder P&#8217;AL Pueblo, ingeniero Tom\u00e1s Hern\u00e1ndez Alberto, ha expresado su firme respaldo a las medidas anunciadas por el presidente Luis Abinader en relaci\u00f3n con la migraci\u00f3n. Hern\u00e1ndez Alberto subray\u00f3 la importancia de mantener la unidad y trabajar en conjunto por la soberan\u00eda de la Rep\u00fablica Dominicana. Durante su intervenci\u00f3n, [&hellip;]<\/p>\n","protected":false},"author":10,"featured_media":2832,"comment_status":"open","ping_status":"open","sticky":false,"template":"","format":"standard","meta":{"om_disable_all_campaigns":false,"_monsterinsights_skip_tracking":false,"_monsterinsights_sitenote_active":false,"_monsterinsights_sitenote_note":"","_monsterinsights_sitenote_category":0,"footnotes":""},"categories":[1],"tags":[163],"class_list":{"0":"post-2982","1":"post","2":"type-post","3":"status-publish","4":"format-standard","5":"has-post-thumbnail","7":"category-nacionales","8":"tag-tomas-hernandez-alberto"},"aioseo_notices":[],"_links":{"self":[{"href":"https:\/\/periodicolarepublica.com\/index.php\/wp-json\/wp\/v2\/posts\/2982","targetHints":{"allow":["GET"]}}],"collection":[{"href":"https:\/\/periodicolarepublica.com\/index.php\/wp-json\/wp\/v2\/posts"}],"about":[{"href":"https:\/\/periodicolarepublica.com\/index.php\/wp-json\/wp\/v2\/types\/post"}],"author":[{"embeddable":true,"href":"https:\/\/periodicolarepublica.com\/index.php\/wp-json\/wp\/v2\/users\/10"}],"replies":[{"embeddable":true,"href":"https:\/\/periodicolarepublica.com\/index.php\/wp-json\/wp\/v2\/comments?post=2982"}],"version-history":[{"count":1,"href":"https:\/\/periodicolarepublica.com\/index.php\/wp-json\/wp\/v2\/posts\/2982\/revisions"}],"predecessor-version":[{"id":2983,"href":"https:\/\/periodicolarepublica.com\/index.php\/wp-json\/wp\/v2\/posts\/2982\/revisions\/2983"}],"wp:featuredmedia":[{"embeddable":true,"href":"https:\/\/periodicolarepublica.com\/index.php\/wp-json\/wp\/v2\/media\/2832"}],"wp:attachment":[{"href":"https:\/\/periodicolarepublica.com\/index.php\/wp-json\/wp\/v2\/media?parent=2982"}],"wp:term":[{"taxonomy":"category","embeddable":true,"href":"https:\/\/periodicolarepublica.com\/index.php\/wp-json\/wp\/v2\/categories?post=2982"},{"taxonomy":"post_tag","embeddable":true,"href":"https:\/\/periodicolarepublica.com\/index.php\/wp-json\/wp\/v2\/tags?post=2982"}],"curies":[{"name":"wp","href":"https:\/\/api.w.org\/{rel}","templated":true}]}}