{"id":2984,"date":"2025-04-07T16:03:26","date_gmt":"2025-04-07T14:03:26","guid":{"rendered":"https:\/\/periodicolarepublica.com\/?p=2984"},"modified":"2025-04-07T16:03:26","modified_gmt":"2025-04-07T14:03:26","slug":"sns-fortalece-mas-de-60-areas-quirurgicas-de-la-red-publica","status":"publish","type":"post","link":"https:\/\/periodicolarepublica.com\/index.php\/2025\/04\/07\/sns-fortalece-mas-de-60-areas-quirurgicas-de-la-red-publica\/","title":{"rendered":"SNS fortalece m\u00e1s de 60 \u00e1reas quir\u00fargicas de la Red P\u00fablica"},"content":{"rendered":"<p>SNS fortalece m\u00e1s de 60 \u00e1reas quir\u00fargicas de la Red P\u00fablic<\/p>\n<p>Video https:\/\/we.tl\/t-5c7oWINTN<img loading=\"lazy\" decoding=\"async\" class=\"alignnone size-medium wp-image-2310\" src=\"https:\/\/periodicolarepublica.com\/wp-content\/uploads\/2024\/12\/WhatsApp-Image-2023-12-11-at-14.44.58-300x171.png\" alt=\"\" width=\"300\" height=\"171\" srcset=\"https:\/\/periodicolarepublica.com\/wp-content\/uploads\/2024\/12\/WhatsApp-Image-2023-12-11-at-14.44.58-300x171.png?v=1733582437 300w, https:\/\/periodicolarepublica.com\/wp-content\/uploads\/2024\/12\/WhatsApp-Image-2023-12-11-at-14.44.58-768x438.png?v=1733582437 768w, https:\/\/periodicolarepublica.com\/wp-content\/uploads\/2024\/12\/WhatsApp-Image-2023-12-11-at-14.44.58-150x85.png?v=1733582437 150w, https:\/\/periodicolarepublica.com\/wp-content\/uploads\/2024\/12\/WhatsApp-Image-2023-12-11-at-14.44.58-600x342.png?v=1733582437 600w, https:\/\/periodicolarepublica.com\/wp-content\/uploads\/2024\/12\/WhatsApp-Image-2023-12-11-at-14.44.58-696x397.png?v=1733582437 696w, https:\/\/periodicolarepublica.com\/wp-content\/uploads\/2024\/12\/WhatsApp-Image-2023-12-11-at-14.44.58.png?v=1733582437 993w\" sizes=\"auto, (max-width: 300px) 100vw, 300px\" \/><\/p>\n<p>Incluye construcci\u00f3n de nuevos espacios y dotaci\u00f3n de equipos de \u00faltima generaci\u00f3n<\/p>\n<p>Santo Domingo. En su misi\u00f3n de expansi\u00f3n y modernizaci\u00f3n de infraestructura y equipos, el Servicio Nacional de Salud (SNS) ha experimentado un importante avance con el fortalecimiento de 62 quir\u00f3fanos en 38 hospitales de la Red P\u00fablica del 2022 hasta marzo de este a\u00f1o.<\/p>\n<p>De los 62 quir\u00f3fanos, 59 fueron remozados y tres completamente nuevos del Hospital Traumatol\u00f3gico de Azua.<\/p>\n<p>Esta iniciativa del SNS, que busca mejorar la capacidad de atenci\u00f3n m\u00e9dica a la poblaci\u00f3n, se ha visto reflejada en el incremento en el \u00e1rea de cirug\u00eda en los establecimientos de la Red P\u00fablica. En 2024 el servicio de cirug\u00edas aument\u00f3 un 31.71 %, realizando 469,784 cirug\u00edas, 113,094 m\u00e1s que en el 2019, donde hubo 356,690 intervenciones quir\u00fargicas.<\/p>\n","protected":false},"excerpt":{"rendered":"<p>SNS fortalece m\u00e1s de 60 \u00e1reas quir\u00fargicas de la Red P\u00fablic Video https:\/\/we.tl\/t-5c7oWINTN Incluye construcci\u00f3n de nuevos espacios y dotaci\u00f3n de equipos de \u00faltima generaci\u00f3n Santo Domingo. En su misi\u00f3n de expansi\u00f3n y modernizaci\u00f3n de infraestructura y equipos, el Servicio Nacional de Salud (SNS) ha experimentado un importante avance con el fortalecimiento de 62 quir\u00f3fanos [&hellip;]<\/p>\n","protected":false},"author":6,"featured_media":2310,"comment_status":"open","ping_status":"open","sticky":false,"template":"","format":"standard","meta":{"om_disable_all_campaigns":false,"_monsterinsights_skip_tracking":false,"_monsterinsights_sitenote_active":false,"_monsterinsights_sitenote_note":"","_monsterinsights_sitenote_category":0,"footnotes":""},"categories":[1],"tags":[],"class_list":{"0":"post-2984","1":"post","2":"type-post","3":"status-publish","4":"format-standard","5":"has-post-thumbnail","7":"category-nacionales"},"aioseo_notices":[],"_links":{"self":[{"href":"https:\/\/periodicolarepublica.com\/index.php\/wp-json\/wp\/v2\/posts\/2984","targetHints":{"allow":["GET"]}}],"collection":[{"href":"https:\/\/periodicolarepublica.com\/index.php\/wp-json\/wp\/v2\/posts"}],"about":[{"href":"https:\/\/periodicolarepublica.com\/index.php\/wp-json\/wp\/v2\/types\/post"}],"author":[{"embeddable":true,"href":"https:\/\/periodicolarepublica.com\/index.php\/wp-json\/wp\/v2\/users\/6"}],"replies":[{"embeddable":true,"href":"https:\/\/periodicolarepublica.com\/index.php\/wp-json\/wp\/v2\/comments?post=2984"}],"version-history":[{"count":1,"href":"https:\/\/periodicolarepublica.com\/index.php\/wp-json\/wp\/v2\/posts\/2984\/revisions"}],"predecessor-version":[{"id":2985,"href":"https:\/\/periodicolarepublica.com\/index.php\/wp-json\/wp\/v2\/posts\/2984\/revisions\/2985"}],"wp:featuredmedia":[{"embeddable":true,"href":"https:\/\/periodicolarepublica.com\/index.php\/wp-json\/wp\/v2\/media\/2310"}],"wp:attachment":[{"href":"https:\/\/periodicolarepublica.com\/index.php\/wp-json\/wp\/v2\/media?parent=2984"}],"wp:term":[{"taxonomy":"category","embeddable":true,"href":"https:\/\/periodicolarepublica.com\/index.php\/wp-json\/wp\/v2\/categories?post=2984"},{"taxonomy":"post_tag","embeddable":true,"href":"https:\/\/periodicolarepublica.com\/index.php\/wp-json\/wp\/v2\/tags?post=2984"}],"curies":[{"name":"wp","href":"https:\/\/api.w.org\/{rel}","templated":true}]}}