{"id":2986,"date":"2025-04-08T04:19:58","date_gmt":"2025-04-08T02:19:58","guid":{"rendered":"https:\/\/periodicolarepublica.com\/?p=2986"},"modified":"2025-04-08T04:19:58","modified_gmt":"2025-04-08T02:19:58","slug":"delegacion-de-pro-competencia-presenta-ante-la-camara-de-diputados-recomendaciones-al-proyecto-de-ley-sobre-contrataciones-publicas","status":"publish","type":"post","link":"https:\/\/periodicolarepublica.com\/index.php\/2025\/04\/08\/delegacion-de-pro-competencia-presenta-ante-la-camara-de-diputados-recomendaciones-al-proyecto-de-ley-sobre-contrataciones-publicas\/","title":{"rendered":"Delegaci\u00f3n de Pro-Competencia presenta ante la C\u00e1mara de Diputados recomendaciones al proyecto de ley sobre contrataciones p\u00fablicas"},"content":{"rendered":"<p>Delegaci\u00f3n de Pro-Competencia presenta ante la C\u00e1mara de Diputados recomendaciones al proyecto de ley sobre contrataciones p\u00fablica<\/p>\n<p>Los miembros del organismo fueron recibidos por la comisi\u00f3n especial que estudia el proyecto de ley, que preside el diputado Gregorio Dom\u00ednguez Dom\u00ednguez.<\/p>\n<p>Una delegaci\u00f3n de la Comisi\u00f3n Nacional de Defensa de la Competencia (Pro-Competencia), encabezada por su presidenta, Mar\u00eda Elena V\u00e1squez Taveras, compareci\u00f3 esta tarde en la C\u00e1mara de Diputados para presentar sus recomendaciones t\u00e9cnicas al \u00abProyecto de Ley General de Contrataciones P\u00fablicas\u00bb, reintroducido este a\u00f1o al \u00f3rgano legislativo.<\/p>\n<p>&nbsp;<\/p>\n<p><img loading=\"lazy\" decoding=\"async\" class=\"alignnone size-medium wp-image-2987\" src=\"https:\/\/periodicolarepublica.com\/wp-content\/uploads\/2025\/04\/Maria-Elena-Vasquez-Taveras-1-300x200.jpg\" alt=\"\" width=\"300\" height=\"200\" srcset=\"https:\/\/periodicolarepublica.com\/wp-content\/uploads\/2025\/04\/Maria-Elena-Vasquez-Taveras-1-300x200.jpg 300w, https:\/\/periodicolarepublica.com\/wp-content\/uploads\/2025\/04\/Maria-Elena-Vasquez-Taveras-1-1024x683.jpg 1024w, https:\/\/periodicolarepublica.com\/wp-content\/uploads\/2025\/04\/Maria-Elena-Vasquez-Taveras-1-768x512.jpg 768w, https:\/\/periodicolarepublica.com\/wp-content\/uploads\/2025\/04\/Maria-Elena-Vasquez-Taveras-1-1536x1024.jpg 1536w, https:\/\/periodicolarepublica.com\/wp-content\/uploads\/2025\/04\/Maria-Elena-Vasquez-Taveras-1-2048x1365.jpg 2048w, https:\/\/periodicolarepublica.com\/wp-content\/uploads\/2025\/04\/Maria-Elena-Vasquez-Taveras-1-150x100.jpg 150w, https:\/\/periodicolarepublica.com\/wp-content\/uploads\/2025\/04\/Maria-Elena-Vasquez-Taveras-1-600x400.jpg 600w, https:\/\/periodicolarepublica.com\/wp-content\/uploads\/2025\/04\/Maria-Elena-Vasquez-Taveras-1-696x464.jpg 696w, https:\/\/periodicolarepublica.com\/wp-content\/uploads\/2025\/04\/Maria-Elena-Vasquez-Taveras-1-1392x928.jpg 1392w, https:\/\/periodicolarepublica.com\/wp-content\/uploads\/2025\/04\/Maria-Elena-Vasquez-Taveras-1-1068x712.jpg 1068w, https:\/\/periodicolarepublica.com\/wp-content\/uploads\/2025\/04\/Maria-Elena-Vasquez-Taveras-1-1920x1280.jpg 1920w\" sizes=\"auto, (max-width: 300px) 100vw, 300px\" \/><\/p>\n","protected":false},"excerpt":{"rendered":"<p>Delegaci\u00f3n de Pro-Competencia presenta ante la C\u00e1mara de Diputados recomendaciones al proyecto de ley sobre contrataciones p\u00fablica Los miembros del organismo fueron recibidos por la comisi\u00f3n especial que estudia el proyecto de ley, que preside el diputado Gregorio Dom\u00ednguez Dom\u00ednguez. Una delegaci\u00f3n de la Comisi\u00f3n Nacional de Defensa de la Competencia (Pro-Competencia), encabezada por su [&hellip;]<\/p>\n","protected":false},"author":6,"featured_media":2987,"comment_status":"open","ping_status":"open","sticky":false,"template":"","format":"standard","meta":{"om_disable_all_campaigns":false,"_monsterinsights_skip_tracking":false,"_monsterinsights_sitenote_active":false,"_monsterinsights_sitenote_note":"","_monsterinsights_sitenote_category":0,"footnotes":""},"categories":[1],"tags":[],"class_list":{"0":"post-2986","1":"post","2":"type-post","3":"status-publish","4":"format-standard","5":"has-post-thumbnail","7":"category-nacionales"},"aioseo_notices":[],"_links":{"self":[{"href":"https:\/\/periodicolarepublica.com\/index.php\/wp-json\/wp\/v2\/posts\/2986","targetHints":{"allow":["GET"]}}],"collection":[{"href":"https:\/\/periodicolarepublica.com\/index.php\/wp-json\/wp\/v2\/posts"}],"about":[{"href":"https:\/\/periodicolarepublica.com\/index.php\/wp-json\/wp\/v2\/types\/post"}],"author":[{"embeddable":true,"href":"https:\/\/periodicolarepublica.com\/index.php\/wp-json\/wp\/v2\/users\/6"}],"replies":[{"embeddable":true,"href":"https:\/\/periodicolarepublica.com\/index.php\/wp-json\/wp\/v2\/comments?post=2986"}],"version-history":[{"count":1,"href":"https:\/\/periodicolarepublica.com\/index.php\/wp-json\/wp\/v2\/posts\/2986\/revisions"}],"predecessor-version":[{"id":2988,"href":"https:\/\/periodicolarepublica.com\/index.php\/wp-json\/wp\/v2\/posts\/2986\/revisions\/2988"}],"wp:featuredmedia":[{"embeddable":true,"href":"https:\/\/periodicolarepublica.com\/index.php\/wp-json\/wp\/v2\/media\/2987"}],"wp:attachment":[{"href":"https:\/\/periodicolarepublica.com\/index.php\/wp-json\/wp\/v2\/media?parent=2986"}],"wp:term":[{"taxonomy":"category","embeddable":true,"href":"https:\/\/periodicolarepublica.com\/index.php\/wp-json\/wp\/v2\/categories?post=2986"},{"taxonomy":"post_tag","embeddable":true,"href":"https:\/\/periodicolarepublica.com\/index.php\/wp-json\/wp\/v2\/tags?post=2986"}],"curies":[{"name":"wp","href":"https:\/\/api.w.org\/{rel}","templated":true}]}}