{"id":2992,"date":"2025-04-08T18:09:23","date_gmt":"2025-04-08T16:09:23","guid":{"rendered":"https:\/\/periodicolarepublica.com\/?p=2992"},"modified":"2025-04-08T18:09:23","modified_gmt":"2025-04-08T16:09:23","slug":"tomas-hernandez-alberto-expresa-su-solidaridad-tras-el-tragico-incidente-en-la-discoteca-jet-set","status":"publish","type":"post","link":"https:\/\/periodicolarepublica.com\/index.php\/2025\/04\/08\/tomas-hernandez-alberto-expresa-su-solidaridad-tras-el-tragico-incidente-en-la-discoteca-jet-set\/","title":{"rendered":"Tom\u00e1s Hern\u00e1ndez Alberto expresa su solidaridad tras el tr\u00e1gico incidente en la discoteca Jet Set"},"content":{"rendered":"<p>Santo Domingo\u2013 Tom\u00e1s Hern\u00e1ndez Alberto lamenta profundamente lo sucedido en la discoteca Jet Set y se solidariza con las v\u00edctimas, los heridos y los familiares afectados por esta tragedia. En un momento de gran dolor, Hern\u00e1ndez Alberto ruega por el bienestar de aquellos que a\u00fan no han podido ser encontrados, deseando que se encuentren con vida y en buen estado.<\/p>\n<p>\u00abEs un momento dif\u00edcil para nuestro pa\u00eds. Mis pensamientos y oraciones est\u00e1n con todos los afectados y sus seres queridos. Hacemos un llamado a la uni\u00f3n y al apoyo mutuo en estos momentos de incertidumbre\u00bb, declar\u00f3 Tom\u00e1s Hern\u00e1ndez Alberto.<\/p>\n<p>Se invita a la comunidad a mantenerse unida y a apoyar a quienes lo necesitan en este dif\u00edcil momento.<img loading=\"lazy\" decoding=\"async\" class=\"size-medium wp-image-1956 alignright\" src=\"https:\/\/periodicolarepublica.com\/wp-content\/uploads\/2024\/10\/IMG_20241010_113753-300x199.jpg\" alt=\"\" width=\"300\" height=\"199\" srcset=\"https:\/\/periodicolarepublica.com\/wp-content\/uploads\/2024\/10\/IMG_20241010_113753-300x199.jpg?v=1729606685 300w, https:\/\/periodicolarepublica.com\/wp-content\/uploads\/2024\/10\/IMG_20241010_113753-1024x680.jpg?v=1729606685 1024w, https:\/\/periodicolarepublica.com\/wp-content\/uploads\/2024\/10\/IMG_20241010_113753-768x510.jpg?v=1729606685 768w, https:\/\/periodicolarepublica.com\/wp-content\/uploads\/2024\/10\/IMG_20241010_113753-1536x1020.jpg?v=1729606685 1536w, https:\/\/periodicolarepublica.com\/wp-content\/uploads\/2024\/10\/IMG_20241010_113753-150x100.jpg?v=1729606685 150w, https:\/\/periodicolarepublica.com\/wp-content\/uploads\/2024\/10\/IMG_20241010_113753-600x398.jpg?v=1729606685 600w, https:\/\/periodicolarepublica.com\/wp-content\/uploads\/2024\/10\/IMG_20241010_113753-696x462.jpg?v=1729606685 696w, https:\/\/periodicolarepublica.com\/wp-content\/uploads\/2024\/10\/IMG_20241010_113753-1392x924.jpg?v=1729606685 1392w, https:\/\/periodicolarepublica.com\/wp-content\/uploads\/2024\/10\/IMG_20241010_113753-1068x709.jpg?v=1729606685 1068w, https:\/\/periodicolarepublica.com\/wp-content\/uploads\/2024\/10\/IMG_20241010_113753-1920x1275.jpg?v=1729606685 1920w, https:\/\/periodicolarepublica.com\/wp-content\/uploads\/2024\/10\/IMG_20241010_113753.jpg?v=1729606685 2048w\" sizes=\"auto, (max-width: 300px) 100vw, 300px\" \/><\/p>\n","protected":false},"excerpt":{"rendered":"<p>Santo Domingo\u2013 Tom\u00e1s Hern\u00e1ndez Alberto lamenta profundamente lo sucedido en la discoteca Jet Set y se solidariza con las v\u00edctimas, los heridos y los familiares afectados por esta tragedia. En un momento de gran dolor, Hern\u00e1ndez Alberto ruega por el bienestar de aquellos que a\u00fan no han podido ser encontrados, deseando que se encuentren con [&hellip;]<\/p>\n","protected":false},"author":10,"featured_media":1956,"comment_status":"open","ping_status":"open","sticky":false,"template":"","format":"standard","meta":{"om_disable_all_campaigns":false,"_monsterinsights_skip_tracking":false,"_monsterinsights_sitenote_active":false,"_monsterinsights_sitenote_note":"","_monsterinsights_sitenote_category":0,"footnotes":""},"categories":[1],"tags":[163],"class_list":{"0":"post-2992","1":"post","2":"type-post","3":"status-publish","4":"format-standard","5":"has-post-thumbnail","7":"category-nacionales","8":"tag-tomas-hernandez-alberto"},"aioseo_notices":[],"_links":{"self":[{"href":"https:\/\/periodicolarepublica.com\/index.php\/wp-json\/wp\/v2\/posts\/2992","targetHints":{"allow":["GET"]}}],"collection":[{"href":"https:\/\/periodicolarepublica.com\/index.php\/wp-json\/wp\/v2\/posts"}],"about":[{"href":"https:\/\/periodicolarepublica.com\/index.php\/wp-json\/wp\/v2\/types\/post"}],"author":[{"embeddable":true,"href":"https:\/\/periodicolarepublica.com\/index.php\/wp-json\/wp\/v2\/users\/10"}],"replies":[{"embeddable":true,"href":"https:\/\/periodicolarepublica.com\/index.php\/wp-json\/wp\/v2\/comments?post=2992"}],"version-history":[{"count":1,"href":"https:\/\/periodicolarepublica.com\/index.php\/wp-json\/wp\/v2\/posts\/2992\/revisions"}],"predecessor-version":[{"id":2993,"href":"https:\/\/periodicolarepublica.com\/index.php\/wp-json\/wp\/v2\/posts\/2992\/revisions\/2993"}],"wp:featuredmedia":[{"embeddable":true,"href":"https:\/\/periodicolarepublica.com\/index.php\/wp-json\/wp\/v2\/media\/1956"}],"wp:attachment":[{"href":"https:\/\/periodicolarepublica.com\/index.php\/wp-json\/wp\/v2\/media?parent=2992"}],"wp:term":[{"taxonomy":"category","embeddable":true,"href":"https:\/\/periodicolarepublica.com\/index.php\/wp-json\/wp\/v2\/categories?post=2992"},{"taxonomy":"post_tag","embeddable":true,"href":"https:\/\/periodicolarepublica.com\/index.php\/wp-json\/wp\/v2\/tags?post=2992"}],"curies":[{"name":"wp","href":"https:\/\/api.w.org\/{rel}","templated":true}]}}