{"id":2998,"date":"2025-04-10T19:57:32","date_gmt":"2025-04-10T17:57:32","guid":{"rendered":"https:\/\/periodicolarepublica.com\/?p=2998"},"modified":"2025-04-10T19:57:32","modified_gmt":"2025-04-10T17:57:32","slug":"dr-victor-atallah-garantizamos-que-nadie-quedara-sin-identificar-ni-sin-respuesta","status":"publish","type":"post","link":"https:\/\/periodicolarepublica.com\/index.php\/2025\/04\/10\/dr-victor-atallah-garantizamos-que-nadie-quedara-sin-identificar-ni-sin-respuesta\/","title":{"rendered":"Dr. V\u00edctor Atallah: \u00abGarantizamos que nadie quedar\u00e1 sin identificar, ni sin respuesta\u00bb"},"content":{"rendered":"<blockquote><p>El titular de Salud P\u00fablica afirm\u00f3 que se est\u00e1n intensificando las labores en Patolog\u00eda Forense<\/p>\n<p>Santo Domingo, R.D. \u2013 El ministro de Salud P\u00fablica, V\u00edctor Atallah, asegur\u00f3 este mi\u00e9rcoles que el Gobierno dominicano, a trav\u00e9s del Instituto Nacional de Patolog\u00eda Forense Dr. Sergio Sarita Valdez y el Instituto Nacional de Ciencias Forenses (INACIF), contin\u00faa trabajando sin descanso para garantizar la identificaci\u00f3n y entrega digna de los cuerpos afectados por la reciente tragedia, en la discoteca Jet Set.<\/p>\n<p>\u201cEste es un trabajo continuo e intenso; a cada momento hay movimiento de ambulancias. Estamos incrementando nuestra capacidad para entregar los cuerpos. Cada uno de ellos requiere un proceso exhaustivo de necropsia, lo que toma tiempo, pero estamos obteniendo resultados en tiempo r\u00e9cord. Antes se realizaban cinco autopsias diarias, y ahora estamos llevando a cabo hasta 50\u201d, indic\u00f3 el ministro.<\/p>\n<p>Atallah explic\u00f3 que se est\u00e1n habilitando nuevas instalaciones log\u00edsticas para agilizar el proceso. \u201cEstamos creando m\u00e1s espacios de trabajo y abriendo mesas adicionales en otros hospitales, como el Marcelino V\u00e9lez Santana, el Dr. Mario Tolentino Dipp y el Padre Billini. Adem\u00e1s, estamos reforzando el personal en la sede de Patolog\u00eda Forense para responder con mayor rapidez y posible y coordinando la log\u00edstica para operar en varios lugares simult\u00e1neamente\u201d detall\u00f3.<\/p>\n<p>El ministro reiter\u00f3 el compromiso del Gobierno y del Ministerio de Salud para brindar todo el apoyo necesario a los familiares afectados: \u201cLo importante es que la poblaci\u00f3n sepa que estamos trabajando intensamente, lo que estamos enfrentando ha superado cualquier cifra manejada anteriormente, pero estamos respondiendo con toda nuestra capacidad\u201d.<\/p>\n<p>Asimismo, asegur\u00f3 que se est\u00e1n tomando todas las medidas necesarias para mantener los cuerpos en condiciones \u00f3ptimas y facilitar su identificaci\u00f3n.<\/p>\n<p>\u201cNuestra prioridad es terminar con las labores en el lugar de los hechos y luego hacer una estimaci\u00f3n final. Lo que s\u00ed garantizamos es que nadie quedar\u00e1 sin identificar ni sin respuesta\u201d, enfatiz\u00f3.<\/p>\n<p>Finalmente, el ministro pidi\u00f3 al pueblo dominicano que mantenga a las v\u00edctimas en sus oraciones: \u201cEstuve en la zona del desastre y fue un colapso total. El tipo de traumas que sufrieron muchas de las v\u00edctimas fueron severos\u201d.<\/p>\n<p>Sin embargo, gracias al esfuerzo del personal de emergencia, en apenas dos o tres horas se logr\u00f3 salvar a un n\u00famero significativo de personas. Seguiremos trabajando incansablemente para dar respuestas claras y aliviar, aunque sea un poco, el dolor de tantas familias\u201d, concluy\u00f3.<\/p>\n<p>El Ministerio de Salud tambi\u00e9n hizo un llamado a la poblaci\u00f3n para que evite movilizarse hacia la zona del desastre si no tiene un rol asignado o una necesidad urgente. Esto con el fin de no entorpecer las labores de los equipos de emergencia. La presencia innecesaria de personas podr\u00eda dificultar la log\u00edstica, generar aglomeraciones y exponer a la ciudadan\u00eda a condiciones sensoriales como los olores a\u00fan presentes.<\/p>\n<p>Las autoridades contin\u00faan trabajando para mejorar las condiciones en los alrededores, especialmente para mitigar el impacto emocional y sanitario en las comunidades cercanas. Adem\u00e1s, el Ministerio de Salud inform\u00f3 que se est\u00e1 aplicando la vacuna contra el t\u00e9tanos a los <img loading=\"lazy\" decoding=\"async\" class=\"size-medium wp-image-2999 alignright\" src=\"https:\/\/periodicolarepublica.com\/wp-content\/uploads\/2025\/04\/IMG-20250410-WA0409-237x300.jpg\" alt=\"\" width=\"237\" height=\"300\" srcset=\"https:\/\/periodicolarepublica.com\/wp-content\/uploads\/2025\/04\/IMG-20250410-WA0409-237x300.jpg?v=1744307821 237w, https:\/\/periodicolarepublica.com\/wp-content\/uploads\/2025\/04\/IMG-20250410-WA0409-810x1024.jpg?v=1744307821 810w, https:\/\/periodicolarepublica.com\/wp-content\/uploads\/2025\/04\/IMG-20250410-WA0409-768x971.jpg?v=1744307821 768w, https:\/\/periodicolarepublica.com\/wp-content\/uploads\/2025\/04\/IMG-20250410-WA0409-1215x1536.jpg?v=1744307821 1215w, https:\/\/periodicolarepublica.com\/wp-content\/uploads\/2025\/04\/IMG-20250410-WA0409-1620x2048.jpg?v=1744307821 1620w, https:\/\/periodicolarepublica.com\/wp-content\/uploads\/2025\/04\/IMG-20250410-WA0409-150x190.jpg?v=1744307821 150w, https:\/\/periodicolarepublica.com\/wp-content\/uploads\/2025\/04\/IMG-20250410-WA0409-300x379.jpg?v=1744307821 300w, https:\/\/periodicolarepublica.com\/wp-content\/uploads\/2025\/04\/IMG-20250410-WA0409-600x759.jpg?v=1744307821 600w, https:\/\/periodicolarepublica.com\/wp-content\/uploads\/2025\/04\/IMG-20250410-WA0409-696x880.jpg?v=1744307821 696w, https:\/\/periodicolarepublica.com\/wp-content\/uploads\/2025\/04\/IMG-20250410-WA0409-1392x1760.jpg?v=1744307821 1392w, https:\/\/periodicolarepublica.com\/wp-content\/uploads\/2025\/04\/IMG-20250410-WA0409-1068x1350.jpg?v=1744307821 1068w, https:\/\/periodicolarepublica.com\/wp-content\/uploads\/2025\/04\/IMG-20250410-WA0409.jpg?v=1744307821 1645w\" sizes=\"auto, (max-width: 237px) 100vw, 237px\" \/>socorristas que se encuentran en el lugar, como medida preventiva para proteger su salud durante las labores.<\/p>\n<p style=\"text-align: right\">\n<\/blockquote>\n","protected":false},"excerpt":{"rendered":"<p>El titular de Salud P\u00fablica afirm\u00f3 que se est\u00e1n intensificando las labores en Patolog\u00eda Forense Santo Domingo, R.D. \u2013 El ministro de Salud P\u00fablica, V\u00edctor Atallah, asegur\u00f3 este mi\u00e9rcoles que el Gobierno dominicano, a trav\u00e9s del Instituto Nacional de Patolog\u00eda Forense Dr. Sergio Sarita Valdez y el Instituto Nacional de Ciencias Forenses (INACIF), contin\u00faa trabajando [&hellip;]<\/p>\n","protected":false},"author":10,"featured_media":2999,"comment_status":"open","ping_status":"open","sticky":false,"template":"","format":"standard","meta":{"om_disable_all_campaigns":false,"_monsterinsights_skip_tracking":false,"_monsterinsights_sitenote_active":false,"_monsterinsights_sitenote_note":"","_monsterinsights_sitenote_category":0,"footnotes":""},"categories":[1],"tags":[],"class_list":{"0":"post-2998","1":"post","2":"type-post","3":"status-publish","4":"format-standard","5":"has-post-thumbnail","7":"category-nacionales"},"aioseo_notices":[],"_links":{"self":[{"href":"https:\/\/periodicolarepublica.com\/index.php\/wp-json\/wp\/v2\/posts\/2998","targetHints":{"allow":["GET"]}}],"collection":[{"href":"https:\/\/periodicolarepublica.com\/index.php\/wp-json\/wp\/v2\/posts"}],"about":[{"href":"https:\/\/periodicolarepublica.com\/index.php\/wp-json\/wp\/v2\/types\/post"}],"author":[{"embeddable":true,"href":"https:\/\/periodicolarepublica.com\/index.php\/wp-json\/wp\/v2\/users\/10"}],"replies":[{"embeddable":true,"href":"https:\/\/periodicolarepublica.com\/index.php\/wp-json\/wp\/v2\/comments?post=2998"}],"version-history":[{"count":1,"href":"https:\/\/periodicolarepublica.com\/index.php\/wp-json\/wp\/v2\/posts\/2998\/revisions"}],"predecessor-version":[{"id":3000,"href":"https:\/\/periodicolarepublica.com\/index.php\/wp-json\/wp\/v2\/posts\/2998\/revisions\/3000"}],"wp:featuredmedia":[{"embeddable":true,"href":"https:\/\/periodicolarepublica.com\/index.php\/wp-json\/wp\/v2\/media\/2999"}],"wp:attachment":[{"href":"https:\/\/periodicolarepublica.com\/index.php\/wp-json\/wp\/v2\/media?parent=2998"}],"wp:term":[{"taxonomy":"category","embeddable":true,"href":"https:\/\/periodicolarepublica.com\/index.php\/wp-json\/wp\/v2\/categories?post=2998"},{"taxonomy":"post_tag","embeddable":true,"href":"https:\/\/periodicolarepublica.com\/index.php\/wp-json\/wp\/v2\/tags?post=2998"}],"curies":[{"name":"wp","href":"https:\/\/api.w.org\/{rel}","templated":true}]}}