{"id":3001,"date":"2025-04-11T17:12:55","date_gmt":"2025-04-11T15:12:55","guid":{"rendered":"https:\/\/periodicolarepublica.com\/?p=3001"},"modified":"2025-04-11T17:12:55","modified_gmt":"2025-04-11T15:12:55","slug":"una-tragedia-que-enluto-rd","status":"publish","type":"post","link":"https:\/\/periodicolarepublica.com\/index.php\/2025\/04\/11\/una-tragedia-que-enluto-rd\/","title":{"rendered":"Una tragedia que enlut\u00f3 RD"},"content":{"rendered":"<p>Una de las noches m\u00e1s oscuras en la historia reciente de la Rep\u00fablica Dominicana se vivi\u00f3 este jueves, cuando un colapso\u00a0 del techo, acab\u00f3 con la ic\u00f3nica discoteca Jet Set, ubicada en la capital Santo Domingo, dejando al menos 221 personas fallecidas y decenas m\u00e1s heridas.<\/p>\n<p>El siniestro, que comenz\u00f3 pasada las medis noche, tom\u00f3 por sorpresa a cientos de asistentes que disfrutaban de un concierto programado en el popular establecimiento nocturno, donde se presentaba el artista Rubby P\u00e9rez, qui\u00e9n tambi\u00e9n falleci\u00f3 en el lugar.<\/p>\n<p>Testigos relatan como fuenla situaci\u00f3n con los escombros, generando p\u00e1nico colectivo.<\/p>\n<p>&nbsp;<\/p>\n<p>Los equipos de bomberos COE, Policias, voluntarios, defensa civil 911 y rescate trabajaron arduamente para controlar la situaci\u00f3n y asistir a los sobrevivientes.<\/p>\n<p>Ojal\u00e1 la Procuradur\u00eda General de la Rep\u00fablica pueda iniciar lo mas breve, una investigaci\u00f3n para determinar las causas exactas\u00a0 y si hubo negligencia por parte de los propietarios del local. De igual manera, se indaga si la discoteca contaba con los permisos y certificaciones requeridas para operar.<\/p>\n<p>El presidente Luis Abinader expres\u00f3 su pesar, visitando el lugar, di\u00f3 un decret\u00f3 de duelo nacional y un seguimiento constante.<\/p>\n<p>La discoteca Jet Set, fundada en los a\u00f1os 70, era considerada un \u00edcono de la vida nocturna dominicana, reconocida por sus conciertos de merengue, salsa y m\u00fasica tropical.<\/p>\n<p>Las autoridades han prometido dar respuesta r\u00e1pida a los familiares y reiteraron su compromiso con la revisi\u00f3n de los protocolos de seguridad en centros de entretenimiento. Mientras tanto, la naci\u00f3n qued\u00f3 en luto ante una p\u00e9rdida que ha estremecido al pa\u00eds entero y a nivel internacional.<\/p>\n<p>Muchos de los afectados y familiares de v\u00edctimas ya han estado pensando en proceder legalmente contra la misma, pero se espera el resultado de las investigaciones.<\/p>\n<p><img loading=\"lazy\" decoding=\"async\" class=\"alignnone size-medium wp-image-3002\" src=\"https:\/\/periodicolarepublica.com\/wp-content\/uploads\/2025\/04\/Tragedia-en-Jet-Set-El-Derrumbe-que-Enluto-a-Republica-Dominicana-300x164.jpg\" alt=\"\" width=\"300\" height=\"164\" srcset=\"https:\/\/periodicolarepublica.com\/wp-content\/uploads\/2025\/04\/Tragedia-en-Jet-Set-El-Derrumbe-que-Enluto-a-Republica-Dominicana-300x164.jpg 300w, https:\/\/periodicolarepublica.com\/wp-content\/uploads\/2025\/04\/Tragedia-en-Jet-Set-El-Derrumbe-que-Enluto-a-Republica-Dominicana-150x82.jpg 150w, https:\/\/periodicolarepublica.com\/wp-content\/uploads\/2025\/04\/Tragedia-en-Jet-Set-El-Derrumbe-que-Enluto-a-Republica-Dominicana-600x328.jpg 600w, https:\/\/periodicolarepublica.com\/wp-content\/uploads\/2025\/04\/Tragedia-en-Jet-Set-El-Derrumbe-que-Enluto-a-Republica-Dominicana-648x355.jpg 648w, https:\/\/periodicolarepublica.com\/wp-content\/uploads\/2025\/04\/Tragedia-en-Jet-Set-El-Derrumbe-que-Enluto-a-Republica-Dominicana.jpg 650w\" sizes=\"auto, (max-width: 300px) 100vw, 300px\" \/><\/p>\n","protected":false},"excerpt":{"rendered":"<p>Una de las noches m\u00e1s oscuras en la historia reciente de la Rep\u00fablica Dominicana se vivi\u00f3 este jueves, cuando un colapso\u00a0 del techo, acab\u00f3 con la ic\u00f3nica discoteca Jet Set, ubicada en la capital Santo Domingo, dejando al menos 221 personas fallecidas y decenas m\u00e1s heridas. El siniestro, que comenz\u00f3 pasada las medis noche, tom\u00f3 [&hellip;]<\/p>\n","protected":false},"author":1,"featured_media":3002,"comment_status":"open","ping_status":"open","sticky":false,"template":"","format":"standard","meta":{"om_disable_all_campaigns":false,"_monsterinsights_skip_tracking":false,"_monsterinsights_sitenote_active":false,"_monsterinsights_sitenote_note":"","_monsterinsights_sitenote_category":0,"footnotes":""},"categories":[1],"tags":[371,370,372],"class_list":{"0":"post-3001","1":"post","2":"type-post","3":"status-publish","4":"format-standard","5":"has-post-thumbnail","7":"category-nacionales","8":"tag-jet-set","9":"tag-rubby-perez","10":"tag-tragedia"},"aioseo_notices":[],"_links":{"self":[{"href":"https:\/\/periodicolarepublica.com\/index.php\/wp-json\/wp\/v2\/posts\/3001","targetHints":{"allow":["GET"]}}],"collection":[{"href":"https:\/\/periodicolarepublica.com\/index.php\/wp-json\/wp\/v2\/posts"}],"about":[{"href":"https:\/\/periodicolarepublica.com\/index.php\/wp-json\/wp\/v2\/types\/post"}],"author":[{"embeddable":true,"href":"https:\/\/periodicolarepublica.com\/index.php\/wp-json\/wp\/v2\/users\/1"}],"replies":[{"embeddable":true,"href":"https:\/\/periodicolarepublica.com\/index.php\/wp-json\/wp\/v2\/comments?post=3001"}],"version-history":[{"count":1,"href":"https:\/\/periodicolarepublica.com\/index.php\/wp-json\/wp\/v2\/posts\/3001\/revisions"}],"predecessor-version":[{"id":3003,"href":"https:\/\/periodicolarepublica.com\/index.php\/wp-json\/wp\/v2\/posts\/3001\/revisions\/3003"}],"wp:featuredmedia":[{"embeddable":true,"href":"https:\/\/periodicolarepublica.com\/index.php\/wp-json\/wp\/v2\/media\/3002"}],"wp:attachment":[{"href":"https:\/\/periodicolarepublica.com\/index.php\/wp-json\/wp\/v2\/media?parent=3001"}],"wp:term":[{"taxonomy":"category","embeddable":true,"href":"https:\/\/periodicolarepublica.com\/index.php\/wp-json\/wp\/v2\/categories?post=3001"},{"taxonomy":"post_tag","embeddable":true,"href":"https:\/\/periodicolarepublica.com\/index.php\/wp-json\/wp\/v2\/tags?post=3001"}],"curies":[{"name":"wp","href":"https:\/\/api.w.org\/{rel}","templated":true}]}}