{"id":3005,"date":"2025-04-11T18:31:04","date_gmt":"2025-04-11T16:31:04","guid":{"rendered":"https:\/\/periodicolarepublica.com\/?p=3005"},"modified":"2025-04-11T18:31:04","modified_gmt":"2025-04-11T16:31:04","slug":"solidaridad-boricua-con-la-tragedia-en-rd","status":"publish","type":"post","link":"https:\/\/periodicolarepublica.com\/index.php\/2025\/04\/11\/solidaridad-boricua-con-la-tragedia-en-rd\/","title":{"rendered":"Solidaridad boricua con la tragedia en RD"},"content":{"rendered":"<p>Puerto Rico ha demostrado una vez m\u00e1s su esp\u00edritu solidario ante la adversidad.<\/p>\n<p>La gobernadora Jenniffer Gonz\u00e1lez y el alcalde de San Juan, Miguel Romero, han extendido su mano amiga al pueblo dominicano tras la devastadora tragedia ocurrida recientemente en la Rep\u00fablica Dominicana, con el desplome de un techo de la discoteca conocida como Jet Set, que ha cobrado numerosas vidas y dejado profundas cicatrices en la naci\u00f3n caribe\u00f1a.<\/p>\n<p>Como muestra de apoyo inmediato, se coordin\u00f3 el env\u00edo de un equipo especializado del Cuerpo de Bomberos de Puerto Rico para colaborar en las labores de rescate, b\u00fasqueda y asistencia en las zonas m\u00e1s afectadas, los cuales fueron de gran ayuda en conjunto con los equipos de socorristas y voluntarios dominicanos.<\/p>\n<p>En la isla del encanto, se decret\u00f3 una jornada de duelo, izando las banderas a media asta en se\u00f1al de respeto y solidaridad con las v\u00edctimas y sus familias.<\/p>\n<p>Las muestras de solidaridad no se han hecho esperar, y tanto ciudadanos como organizaciones civiles se han sumado a los esfuerzos de ayuda.<\/p>\n<p>Puerto Rico se reafirma como un pueblo solidario, emp\u00e1tico y presente en los momentos que realmente importan. La tragedia en Rep\u00fablica Dominicana ha tocado el coraz\u00f3n de toda la isla, y las acciones de sus l\u00edderes lo confirman: la humanidad siempre va primero.<\/p>\n<p>La direcci\u00f3n del grupo de Medios La Rep\u00fablica, conformado por M\u00e1ximo Mi\u00f1oso y Hanfiel Polanco, agradecen el gesto de solidaridad de la gobernadora Gonz\u00e1lez, el alcalde Romero y todo el equipo de bomberos que colabor\u00f3 en el pa\u00eds con los nuestros.<\/p>\n<p><img loading=\"lazy\" decoding=\"async\" class=\"alignnone size-medium wp-image-3006\" src=\"https:\/\/periodicolarepublica.com\/wp-content\/uploads\/2025\/04\/IMG-20250411-WA0012-300x205.jpg\" alt=\"\" width=\"300\" height=\"205\" srcset=\"https:\/\/periodicolarepublica.com\/wp-content\/uploads\/2025\/04\/IMG-20250411-WA0012-300x205.jpg 300w, https:\/\/periodicolarepublica.com\/wp-content\/uploads\/2025\/04\/IMG-20250411-WA0012-1024x699.jpg 1024w, https:\/\/periodicolarepublica.com\/wp-content\/uploads\/2025\/04\/IMG-20250411-WA0012-768x524.jpg 768w, https:\/\/periodicolarepublica.com\/wp-content\/uploads\/2025\/04\/IMG-20250411-WA0012-1536x1048.jpg 1536w, https:\/\/periodicolarepublica.com\/wp-content\/uploads\/2025\/04\/IMG-20250411-WA0012-150x102.jpg 150w, https:\/\/periodicolarepublica.com\/wp-content\/uploads\/2025\/04\/IMG-20250411-WA0012-218x150.jpg 218w, https:\/\/periodicolarepublica.com\/wp-content\/uploads\/2025\/04\/IMG-20250411-WA0012-436x300.jpg 436w, https:\/\/periodicolarepublica.com\/wp-content\/uploads\/2025\/04\/IMG-20250411-WA0012-600x410.jpg 600w, https:\/\/periodicolarepublica.com\/wp-content\/uploads\/2025\/04\/IMG-20250411-WA0012-696x475.jpg 696w, https:\/\/periodicolarepublica.com\/wp-content\/uploads\/2025\/04\/IMG-20250411-WA0012-1392x950.jpg 1392w, https:\/\/periodicolarepublica.com\/wp-content\/uploads\/2025\/04\/IMG-20250411-WA0012-1068x729.jpg 1068w, https:\/\/periodicolarepublica.com\/wp-content\/uploads\/2025\/04\/IMG-20250411-WA0012.jpg 1600w\" sizes=\"auto, (max-width: 300px) 100vw, 300px\" \/><\/p>\n","protected":false},"excerpt":{"rendered":"<p>Puerto Rico ha demostrado una vez m\u00e1s su esp\u00edritu solidario ante la adversidad. La gobernadora Jenniffer Gonz\u00e1lez y el alcalde de San Juan, Miguel Romero, han extendido su mano amiga al pueblo dominicano tras la devastadora tragedia ocurrida recientemente en la Rep\u00fablica Dominicana, con el desplome de un techo de la discoteca conocida como Jet [&hellip;]<\/p>\n","protected":false},"author":1,"featured_media":3006,"comment_status":"open","ping_status":"open","sticky":false,"template":"","format":"standard","meta":{"om_disable_all_campaigns":false,"_monsterinsights_skip_tracking":false,"_monsterinsights_sitenote_active":false,"_monsterinsights_sitenote_note":"","_monsterinsights_sitenote_category":0,"footnotes":""},"categories":[227,1],"tags":[374,371,373,375],"class_list":{"0":"post-3005","1":"post","2":"type-post","3":"status-publish","4":"format-standard","5":"has-post-thumbnail","7":"category-la-republica-internacional","8":"category-nacionales","9":"tag-jenniffer-gonzalez","10":"tag-jet-set","11":"tag-miguel-romero","12":"tag-san-juan-puerto-rico"},"aioseo_notices":[],"_links":{"self":[{"href":"https:\/\/periodicolarepublica.com\/index.php\/wp-json\/wp\/v2\/posts\/3005","targetHints":{"allow":["GET"]}}],"collection":[{"href":"https:\/\/periodicolarepublica.com\/index.php\/wp-json\/wp\/v2\/posts"}],"about":[{"href":"https:\/\/periodicolarepublica.com\/index.php\/wp-json\/wp\/v2\/types\/post"}],"author":[{"embeddable":true,"href":"https:\/\/periodicolarepublica.com\/index.php\/wp-json\/wp\/v2\/users\/1"}],"replies":[{"embeddable":true,"href":"https:\/\/periodicolarepublica.com\/index.php\/wp-json\/wp\/v2\/comments?post=3005"}],"version-history":[{"count":1,"href":"https:\/\/periodicolarepublica.com\/index.php\/wp-json\/wp\/v2\/posts\/3005\/revisions"}],"predecessor-version":[{"id":3007,"href":"https:\/\/periodicolarepublica.com\/index.php\/wp-json\/wp\/v2\/posts\/3005\/revisions\/3007"}],"wp:featuredmedia":[{"embeddable":true,"href":"https:\/\/periodicolarepublica.com\/index.php\/wp-json\/wp\/v2\/media\/3006"}],"wp:attachment":[{"href":"https:\/\/periodicolarepublica.com\/index.php\/wp-json\/wp\/v2\/media?parent=3005"}],"wp:term":[{"taxonomy":"category","embeddable":true,"href":"https:\/\/periodicolarepublica.com\/index.php\/wp-json\/wp\/v2\/categories?post=3005"},{"taxonomy":"post_tag","embeddable":true,"href":"https:\/\/periodicolarepublica.com\/index.php\/wp-json\/wp\/v2\/tags?post=3005"}],"curies":[{"name":"wp","href":"https:\/\/api.w.org\/{rel}","templated":true}]}}