{"id":301,"date":"2023-12-28T14:14:22","date_gmt":"2023-12-28T13:14:22","guid":{"rendered":"https:\/\/periodicolarepublica.com\/?p=301"},"modified":"2023-12-28T14:30:02","modified_gmt":"2023-12-28T13:30:02","slug":"olimpiadas-paris-2024","status":"publish","type":"post","link":"https:\/\/periodicolarepublica.com\/index.php\/2023\/12\/28\/olimpiadas-paris-2024\/","title":{"rendered":"Olimpiadas Paris 2024"},"content":{"rendered":"<p><img loading=\"lazy\" decoding=\"async\" class=\"alignnone size-medium wp-image-306\" src=\"https:\/\/periodicolarepublica.com\/wp-content\/uploads\/2023\/12\/Picsart_23-12-28_09-07-02-142-300x169.jpg\" alt=\"\" width=\"300\" height=\"169\" srcset=\"https:\/\/periodicolarepublica.com\/wp-content\/uploads\/2023\/12\/Picsart_23-12-28_09-07-02-142-300x169.jpg?v=1715379840 300w, https:\/\/periodicolarepublica.com\/wp-content\/uploads\/2023\/12\/Picsart_23-12-28_09-07-02-142-1024x576.jpg?v=1715379840 1024w, https:\/\/periodicolarepublica.com\/wp-content\/uploads\/2023\/12\/Picsart_23-12-28_09-07-02-142-768x432.jpg?v=1715379840 768w, https:\/\/periodicolarepublica.com\/wp-content\/uploads\/2023\/12\/Picsart_23-12-28_09-07-02-142-1536x864.jpg?v=1715379840 1536w, https:\/\/periodicolarepublica.com\/wp-content\/uploads\/2023\/12\/Picsart_23-12-28_09-07-02-142-2048x1152.jpg?v=1715379840 2048w, https:\/\/periodicolarepublica.com\/wp-content\/uploads\/2023\/12\/Picsart_23-12-28_09-07-02-142-150x84.jpg?v=1715379840 150w, https:\/\/periodicolarepublica.com\/wp-content\/uploads\/2023\/12\/Picsart_23-12-28_09-07-02-142-600x338.jpg?v=1715379840 600w, https:\/\/periodicolarepublica.com\/wp-content\/uploads\/2023\/12\/Picsart_23-12-28_09-07-02-142-696x392.jpg?v=1715379840 696w, https:\/\/periodicolarepublica.com\/wp-content\/uploads\/2023\/12\/Picsart_23-12-28_09-07-02-142-1392x783.jpg?v=1715379840 1392w, https:\/\/periodicolarepublica.com\/wp-content\/uploads\/2023\/12\/Picsart_23-12-28_09-07-02-142-1068x601.jpg?v=1715379840 1068w, https:\/\/periodicolarepublica.com\/wp-content\/uploads\/2023\/12\/Picsart_23-12-28_09-07-02-142-1920x1080.jpg?v=1715379840 1920w\" sizes=\"auto, (max-width: 300px) 100vw, 300px\" \/>En el 2024 en Par\u00eds, Francia esta pautado\u00a0 que sean testigos del olimpismo en acci\u00f3n, con dicha celebraci\u00f3n internacional, en una de las ciudades del mundo m\u00e1s inspiradoras, para este escenario para los atletas a participar.<\/p>\n<p>Se espera una celebraci\u00f3n deportiva a lo largo del Sena, con una Villa Ol\u00edmpica, a s\u00f3lo 15 minutos del centro de Par\u00eds, con cercania a lugares emblem\u00e1ticos de la ciudad, como la Torre Eiffel y el Grand Palais.<\/p>\n","protected":false},"excerpt":{"rendered":"<p>En el 2024 en Par\u00eds, Francia esta pautado\u00a0 que sean testigos del olimpismo en acci\u00f3n, con dicha celebraci\u00f3n internacional, en una de las ciudades del mundo m\u00e1s inspiradoras, para este escenario para los atletas a participar. Se espera una celebraci\u00f3n deportiva a lo largo del Sena, con una Villa Ol\u00edmpica, a s\u00f3lo 15 minutos del [&hellip;]<\/p>\n","protected":false},"author":1,"featured_media":306,"comment_status":"open","ping_status":"open","sticky":false,"template":"","format":"standard","meta":{"om_disable_all_campaigns":false,"_monsterinsights_skip_tracking":false,"_monsterinsights_sitenote_active":false,"_monsterinsights_sitenote_note":"","_monsterinsights_sitenote_category":0,"footnotes":""},"categories":[21],"tags":[63,65,64,61,62],"class_list":{"0":"post-301","1":"post","2":"type-post","3":"status-publish","4":"format-standard","5":"has-post-thumbnail","7":"category-deporte","8":"tag-eiffel","9":"tag-francia","10":"tag-juegos-olimpicos","11":"tag-olimpiadas","12":"tag-paris2024"},"aioseo_notices":[],"_links":{"self":[{"href":"https:\/\/periodicolarepublica.com\/index.php\/wp-json\/wp\/v2\/posts\/301","targetHints":{"allow":["GET"]}}],"collection":[{"href":"https:\/\/periodicolarepublica.com\/index.php\/wp-json\/wp\/v2\/posts"}],"about":[{"href":"https:\/\/periodicolarepublica.com\/index.php\/wp-json\/wp\/v2\/types\/post"}],"author":[{"embeddable":true,"href":"https:\/\/periodicolarepublica.com\/index.php\/wp-json\/wp\/v2\/users\/1"}],"replies":[{"embeddable":true,"href":"https:\/\/periodicolarepublica.com\/index.php\/wp-json\/wp\/v2\/comments?post=301"}],"version-history":[{"count":2,"href":"https:\/\/periodicolarepublica.com\/index.php\/wp-json\/wp\/v2\/posts\/301\/revisions"}],"predecessor-version":[{"id":307,"href":"https:\/\/periodicolarepublica.com\/index.php\/wp-json\/wp\/v2\/posts\/301\/revisions\/307"}],"wp:featuredmedia":[{"embeddable":true,"href":"https:\/\/periodicolarepublica.com\/index.php\/wp-json\/wp\/v2\/media\/306"}],"wp:attachment":[{"href":"https:\/\/periodicolarepublica.com\/index.php\/wp-json\/wp\/v2\/media?parent=301"}],"wp:term":[{"taxonomy":"category","embeddable":true,"href":"https:\/\/periodicolarepublica.com\/index.php\/wp-json\/wp\/v2\/categories?post=301"},{"taxonomy":"post_tag","embeddable":true,"href":"https:\/\/periodicolarepublica.com\/index.php\/wp-json\/wp\/v2\/tags?post=301"}],"curies":[{"name":"wp","href":"https:\/\/api.w.org\/{rel}","templated":true}]}}