{"id":3010,"date":"2025-04-11T18:39:22","date_gmt":"2025-04-11T16:39:22","guid":{"rendered":"https:\/\/periodicolarepublica.com\/?p=3010"},"modified":"2025-04-11T18:39:22","modified_gmt":"2025-04-11T16:39:22","slug":"obras-publicas-garantiza-que-el-puente-de-la-17-es-seguro-para-el-transito-vehicular","status":"publish","type":"post","link":"https:\/\/periodicolarepublica.com\/index.php\/2025\/04\/11\/obras-publicas-garantiza-que-el-puente-de-la-17-es-seguro-para-el-transito-vehicular\/","title":{"rendered":"Obras P\u00fablicas garantiza que el Puente de la 17 es seguro para el tr\u00e1nsito vehicular"},"content":{"rendered":"<p>Asegura que todos los trabajos que se ejecutan est\u00e1n orientados a garantizar la vida \u00fatil de esa estructura.<\/p>\n<p>El Ministerio de Obras P\u00fablicas y Comunicaciones (MOPC) informa al pa\u00eds que el Puente Francisco del Rosario S\u00e1nchez (conocido como Puente de la 17) es seguro para su uso. Esta estructura, clave para la conectividad vial del Gran Santo Domingo, cuenta con un sistema articulado de interconexiones que permite una distribuci\u00f3n eficiente de las cargas, lo que constituye una ventaja en t\u00e9rminos de seguridad estructural de acuerdo con los est\u00e1ndares internacionales.<\/p>\n<p>Todos los trabajos que actualmente se ejecutan est\u00e1n orientados a prolongar la vida \u00fatil del puente, garantizar la seguridad de los ciudadanos y preservar una infraestructura vital para la movilidad urbana. A la vez, se mantiene un monitoreo constante del comportamiento estructural por parte del MOPC, la Oficina Nacional de Evaluaci\u00f3n S\u00edsmica y Vulnerabilidad de Infraestructura y Edificaciones y la empresa contratista PINSA.<\/p>\n<p>Es importante destacar que, aunque puedan observarse signos visuales de desgaste o deterioro en algunas partes del puente, estos no representan necesariamente un riesgo estructural. El dise\u00f1o articulado de la estructura est\u00e1 concebido para absorber cargas y movimientos, lo cual es habitual en infraestructuras de esta naturaleza y antig\u00fcedad.<\/p>\n<p>Como parte del proceso de mejora, el MOPC ha previsto aprovechar el asueto de Semana Santa \u2014momento en que se reduce considerablemente el flujo vehicular\u2014 para intervenir elementos estructurales puntuales, en cumplimiento del cronograma establecido. Durante este per\u00edodo, y para preservar la seguridad de todos los usuarios y del personal t\u00e9cnico que estar\u00e1 laborando, se limitar\u00e1 de forma temporal el paso de veh\u00edculos pesados. Esta medida ser\u00e1 comunicada oportunamente a trav\u00e9s de los canales oficiales.<\/p>\n<p>En estos trabajos participa un equipo mixto de alta calificaci\u00f3n, integrado por t\u00e9cnicos dominicanos y especialistas extranjeros que formaron parte del dise\u00f1o e instalaci\u00f3n original del puente, lo que garantiza un conocimiento profundo de su funcionamiento y de las soluciones m\u00e1s adecuadas para su preservaci\u00f3n.<\/p>\n<p>El MOPC reitera su compromiso con la seguridad vial y la modernizaci\u00f3n de la infraestructura nacional, trabajando con rigor t\u00e9cnico y bajo los m\u00e1s altos est\u00e1ndares de ingenier\u00eda para garantizar un tr\u00e1nsito seguro y eficiente para todos los ciudadanos.<\/p>\n<p>Direcci\u00f3n de Comunicaciones y Prensa<\/p>\n<p>11 de abril de 2025.<\/p>\n<p><img loading=\"lazy\" decoding=\"async\" class=\"alignnone size-full wp-image-2908\" src=\"https:\/\/periodicolarepublica.com\/wp-content\/uploads\/2025\/03\/images-12.png\" alt=\"\" width=\"225\" height=\"225\" srcset=\"https:\/\/periodicolarepublica.com\/wp-content\/uploads\/2025\/03\/images-12.png?v=1743190064 225w, https:\/\/periodicolarepublica.com\/wp-content\/uploads\/2025\/03\/images-12-150x150.png?v=1743190064 150w\" sizes=\"auto, (max-width: 225px) 100vw, 225px\" \/><\/p>\n<p>&nbsp;<\/p>\n","protected":false},"excerpt":{"rendered":"<p>Asegura que todos los trabajos que se ejecutan est\u00e1n orientados a garantizar la vida \u00fatil de esa estructura. El Ministerio de Obras P\u00fablicas y Comunicaciones (MOPC) informa al pa\u00eds que el Puente Francisco del Rosario S\u00e1nchez (conocido como Puente de la 17) es seguro para su uso. Esta estructura, clave para la conectividad vial del [&hellip;]<\/p>\n","protected":false},"author":6,"featured_media":2908,"comment_status":"open","ping_status":"open","sticky":false,"template":"","format":"standard","meta":{"om_disable_all_campaigns":false,"_monsterinsights_skip_tracking":false,"_monsterinsights_sitenote_active":false,"_monsterinsights_sitenote_note":"","_monsterinsights_sitenote_category":0,"footnotes":""},"categories":[1],"tags":[],"class_list":{"0":"post-3010","1":"post","2":"type-post","3":"status-publish","4":"format-standard","5":"has-post-thumbnail","7":"category-nacionales"},"aioseo_notices":[],"_links":{"self":[{"href":"https:\/\/periodicolarepublica.com\/index.php\/wp-json\/wp\/v2\/posts\/3010","targetHints":{"allow":["GET"]}}],"collection":[{"href":"https:\/\/periodicolarepublica.com\/index.php\/wp-json\/wp\/v2\/posts"}],"about":[{"href":"https:\/\/periodicolarepublica.com\/index.php\/wp-json\/wp\/v2\/types\/post"}],"author":[{"embeddable":true,"href":"https:\/\/periodicolarepublica.com\/index.php\/wp-json\/wp\/v2\/users\/6"}],"replies":[{"embeddable":true,"href":"https:\/\/periodicolarepublica.com\/index.php\/wp-json\/wp\/v2\/comments?post=3010"}],"version-history":[{"count":1,"href":"https:\/\/periodicolarepublica.com\/index.php\/wp-json\/wp\/v2\/posts\/3010\/revisions"}],"predecessor-version":[{"id":3011,"href":"https:\/\/periodicolarepublica.com\/index.php\/wp-json\/wp\/v2\/posts\/3010\/revisions\/3011"}],"wp:featuredmedia":[{"embeddable":true,"href":"https:\/\/periodicolarepublica.com\/index.php\/wp-json\/wp\/v2\/media\/2908"}],"wp:attachment":[{"href":"https:\/\/periodicolarepublica.com\/index.php\/wp-json\/wp\/v2\/media?parent=3010"}],"wp:term":[{"taxonomy":"category","embeddable":true,"href":"https:\/\/periodicolarepublica.com\/index.php\/wp-json\/wp\/v2\/categories?post=3010"},{"taxonomy":"post_tag","embeddable":true,"href":"https:\/\/periodicolarepublica.com\/index.php\/wp-json\/wp\/v2\/tags?post=3010"}],"curies":[{"name":"wp","href":"https:\/\/api.w.org\/{rel}","templated":true}]}}