{"id":3027,"date":"2025-04-13T04:44:53","date_gmt":"2025-04-13T02:44:53","guid":{"rendered":"https:\/\/periodicolarepublica.com\/?p=3027"},"modified":"2025-04-13T04:44:53","modified_gmt":"2025-04-13T02:44:53","slug":"internacionalizacion-de-la-comunicacion","status":"publish","type":"post","link":"https:\/\/periodicolarepublica.com\/index.php\/2025\/04\/13\/internacionalizacion-de-la-comunicacion\/","title":{"rendered":"Internacionalizaci\u00f3n de la Comunicaci\u00f3n\u00a0"},"content":{"rendered":"<p>Por Yoarem Monegro<\/p>\n<p>Hace unos d\u00edas termin\u00e9 mi diplomado\u00a0News On the Move y las Herramientas para Comunicar Movilidad Humana y Derechos Humanos.. Impartido por varias organizaciones y universidades de car\u00e1cter internacional.<\/p>\n<p>Dentro de las entidades estuvieron participando ONU, Uni\u00f3n Europea, OIM, ACNUR, PNUD, UNFPA, CISS, UASD, Jarafe, para una certificaci\u00f3n y posteriormente en el desarrollo inclu\u00eda una segunda certificaci\u00f3n con pr\u00e1cticas para titularse con Global Migration Media Academy, ambos diplomas logr\u00e9 obtener.<\/p>\n<p>Desde el \u00e1mbito internacional vivimos una situaci\u00f3n muy compleja en los medios de comunicaci\u00f3n con relaci\u00f3n a la manera de comunicar la informaci\u00f3n. No es lo mismo que desinformar para m\u00e1s r\u00e1pido llegar.<\/p>\n<p>Esto anterior es una problem\u00e1tica global muy grave y no estamos midiendo el impacto social que tiene, pero sobre todo, no estamos evaluando las consecuencias inmediatas que tienen con el amarillismo y el sensacionalismo de la informaci\u00f3n y su impacto en todos los sectores de la sociedad que son los m\u00e1s afectado.<\/p>\n<p>\u00bf Cu\u00e1l es el objetivo de esta capacitaci\u00f3n internacional?<\/p>\n<p>a. Fortalecer las capacidades y conocimientos de los participantes.<\/p>\n<p>b. Educar para erradicar la forma inadecuada que utilizan las personas en los medios de comunicaci\u00f3n.<\/p>\n<p>c. Explicar y desarrollar tem\u00e1ticas para mejorar la forma de comunicaci\u00f3n en los medios.<\/p>\n<p>Situaci\u00f3n Actual<\/p>\n<p>Reconocemos que vivimos en un mundo actual que las personas valoran m\u00e1s la cultura del empaque que la naturaleza de todo.<\/p>\n<p>Algo incre\u00edble es que las malas acciones se aprenden m\u00e1s pronto que los buenos resultados ejemplos. Hacer algo bueno tarda m\u00e1s tiempo en dar resultados que hacer lo mal hecho. Esa es la realidad social global.<\/p>\n<p>A nivel local en Rep\u00fablica Dominicana hemos recientemente pasado por una cat\u00e1strofe en la que la desinformaci\u00f3n estuvo a la orden del d\u00eda.<\/p>\n<p>Es penoso porque en ese momento se jug\u00f3 con la vida no s\u00f3lo de las personas afectadas sino de las m\u00faltiples familias que a\u00fan viven este mal momento.<\/p>\n<p>Desde los medios de comunicaci\u00f3n y de los personas que manejan la informaci\u00f3n debe existir un nivel de responsabilidad al mismo tiempo que establecer y aplicar dese los distintos gobiernos un margen de consecuencias para quienes infrinjan en faltas desde leves hasta graves en los medios de comunicaci\u00f3n.<\/p>\n<p>Esto es el deber ser !<\/p>\n<p>Tambi\u00e9n nos afecta que, desde el 2020 los medios de comunicaci\u00f3n en todo el mundo se han abierto a trav\u00e9s de la tecnolog\u00eda y vemos c\u00f3mo personas no profesionales en el \u00e1rea en cuesti\u00f3n est\u00e1n en los medios, m\u00e1s no poseen las cualidades ni las condiciones para ser ejemplos.<\/p>\n<p>Desde el \u00e1mbito internacional preocupa la tergiversaci\u00f3n y manipulaci\u00f3n de la informaci\u00f3n.<\/p>\n<p>Por tal raz\u00f3n, crearon este primer programa de formaci\u00f3n para con esto empezar por corregir las problem\u00e1ticas de quienes son los que emiten y dirigen una informaci\u00f3n.<\/p>\n<p>Es importante destacar que, al momento de alguien actuar m\u00e1s que todo son sus ideales, su esencia y nivel de compromiso moral consigo mismo lo que le hace actuar para bien o mal hac\u00eda las otras personas. Es que cada quien da lo que lleva por dentro y aunque al final las consecuencias repercuten en la poblaci\u00f3n.<\/p>\n<p>Recuerdo que una de las orientaciones que recibimos en la capacitaci\u00f3n internacional, fue que el conocimiento adquirido ten\u00eda que ser aplicado en todos los ambientes y tema.<\/p>\n<p>Para finalizar, debemos tomar en consideraci\u00f3n que deseamos que nuestras generaciones tengan un legado y ese debe ser el motor que nos mueva cada dia a realizar un buen trabajo en ello personal y en lo profesional.<\/p>\n<p><img loading=\"lazy\" decoding=\"async\" class=\"alignnone size-medium wp-image-2969\" src=\"https:\/\/periodicolarepublica.com\/wp-content\/uploads\/2025\/04\/IMG-20250406-WA0281-240x300.jpg\" alt=\"\" width=\"240\" height=\"300\" \/><\/p>\n<p>@yoaremmonegro<\/p>\n<p>Instagram \/ LinkedIn<\/p>\n","protected":false},"excerpt":{"rendered":"<p>Por Yoarem Monegro Hace unos d\u00edas termin\u00e9 mi diplomado\u00a0News On the Move y las Herramientas para Comunicar Movilidad Humana y Derechos Humanos.. Impartido por varias organizaciones y universidades de car\u00e1cter internacional. Dentro de las entidades estuvieron participando ONU, Uni\u00f3n Europea, OIM, ACNUR, PNUD, UNFPA, CISS, UASD, Jarafe, para una certificaci\u00f3n y posteriormente en el desarrollo [&hellip;]<\/p>\n","protected":false},"author":6,"featured_media":0,"comment_status":"open","ping_status":"open","sticky":false,"template":"","format":"standard","meta":{"om_disable_all_campaigns":false,"_monsterinsights_skip_tracking":false,"_monsterinsights_sitenote_active":false,"_monsterinsights_sitenote_note":"","_monsterinsights_sitenote_category":0,"footnotes":""},"categories":[1],"tags":[],"class_list":{"0":"post-3027","1":"post","2":"type-post","3":"status-publish","4":"format-standard","6":"category-nacionales"},"aioseo_notices":[],"_links":{"self":[{"href":"https:\/\/periodicolarepublica.com\/index.php\/wp-json\/wp\/v2\/posts\/3027","targetHints":{"allow":["GET"]}}],"collection":[{"href":"https:\/\/periodicolarepublica.com\/index.php\/wp-json\/wp\/v2\/posts"}],"about":[{"href":"https:\/\/periodicolarepublica.com\/index.php\/wp-json\/wp\/v2\/types\/post"}],"author":[{"embeddable":true,"href":"https:\/\/periodicolarepublica.com\/index.php\/wp-json\/wp\/v2\/users\/6"}],"replies":[{"embeddable":true,"href":"https:\/\/periodicolarepublica.com\/index.php\/wp-json\/wp\/v2\/comments?post=3027"}],"version-history":[{"count":1,"href":"https:\/\/periodicolarepublica.com\/index.php\/wp-json\/wp\/v2\/posts\/3027\/revisions"}],"predecessor-version":[{"id":3028,"href":"https:\/\/periodicolarepublica.com\/index.php\/wp-json\/wp\/v2\/posts\/3027\/revisions\/3028"}],"wp:attachment":[{"href":"https:\/\/periodicolarepublica.com\/index.php\/wp-json\/wp\/v2\/media?parent=3027"}],"wp:term":[{"taxonomy":"category","embeddable":true,"href":"https:\/\/periodicolarepublica.com\/index.php\/wp-json\/wp\/v2\/categories?post=3027"},{"taxonomy":"post_tag","embeddable":true,"href":"https:\/\/periodicolarepublica.com\/index.php\/wp-json\/wp\/v2\/tags?post=3027"}],"curies":[{"name":"wp","href":"https:\/\/api.w.org\/{rel}","templated":true}]}}