{"id":3030,"date":"2025-04-14T14:38:30","date_gmt":"2025-04-14T12:38:30","guid":{"rendered":"https:\/\/periodicolarepublica.com\/?p=3030"},"modified":"2025-04-14T14:38:30","modified_gmt":"2025-04-14T12:38:30","slug":"rd-es-de-dios-la-concentracion-cristiana-que-sanara-a-republica-dominicana","status":"publish","type":"post","link":"https:\/\/periodicolarepublica.com\/index.php\/2025\/04\/14\/rd-es-de-dios-la-concentracion-cristiana-que-sanara-a-republica-dominicana\/","title":{"rendered":"\u201cRD es de Dios\u201d, la concentraci\u00f3n cristiana que sanar\u00e1 a Rep\u00fablica Dominicana"},"content":{"rendered":"<p>La concentraci\u00f3n cristiana \u201cRD es Dios\u201d ser\u00e1 un evento totalmente gratuito para el pueblo dominicano que se llevar\u00e1 a cabo este S\u00e1bado Santo, el pr\u00f3ximo 19 de abril, en el parqueo del Estadio Quisqueya Juan Marichal, de 3:00 P.M. a 9:00 P.M., donde cantar\u00e1n los principales grupos cristianos, participar\u00e1n predicadores y oradores, quienes dar\u00e1n una palabra de fe a los asistentes.<\/p>\n<p>&nbsp;<\/p>\n<p>Entre los grupos ya confirmados est\u00e1n Matty Mart\u00ednez, Misael J, Johan Paulino, H\u00e9ctor Acosta (El Torito), Ram\u00f3n Orlando, Israel Amarante, Mike Estrella, Abimael Federico, y el Dj Scratch Master Jes\u00fas.<\/p>\n<p>&nbsp;<\/p>\n<p>Mientras vayan pasando los d\u00edas se anunciar\u00e1n m\u00e1s cantantes que ya dieron el s\u00ed al evento, como lo han hecho ya la gente de fe como el pastor Maikel Carpiadosa, Riqui Gell, Albert Mena, el psic\u00f3logo Mario Minaya, el ni\u00f1o Aitor Rodr\u00edguez, Omayra \u00c1lvarez, el pastor Otoniel Hern\u00e1ndez y Miguel Susana, entre otras sorpresas.<\/p>\n<p>&nbsp;<\/p>\n<p>La realizaci\u00f3n de esta concentraci\u00f3n cristiana gratuita es del experimentado productor Josell Hern\u00e1ndez, quien garantiza una producci\u00f3n con los m\u00e1s altos est\u00e1ndares de calidad, combinando los elementos visuales, pantallas, luces y efectos especiales, con la oportunidad de que todo un pa\u00eds pueda reunirse a orar por esta naci\u00f3n sin la necesidad de pagar una entrada, y poder as\u00ed alabar a Dios y a recibir una palabra de fe.<\/p>\n<p>&nbsp;<\/p>\n<p>Josell invita a todas aquellas personas que sienten que en estos momentos necesitan escuchar la palabra de Dios, a que asistan a este evento que busca llevar paz a los corazones del pueblo dominicano, y que har\u00e1 un homenaje p\u00f3stumo a todos aquellos que perdieron la vida en la tragedia del Jet Set, incluyendo a los trabajadores de la discoteca, los ciudadanos que asistieron y las figuras del mundo del arte y del deporte que se encontraban en el lugar.<\/p>\n<p>&nbsp;<\/p>\n<p>Durante el evento tambi\u00e9n se realizar\u00e1 un reconocimiento a los miembros y rescatistas de diversas instituciones que participaron en las labores de rescate, como son el Centro de Operaciones de Emergencia (COE), el cuerpo de Bomberos del Distrito Nacional, la Defensa Civil y los rescatistas que igualmente brindaron apoyo.<img loading=\"lazy\" decoding=\"async\" class=\"size-medium wp-image-3031 alignright\" src=\"https:\/\/periodicolarepublica.com\/wp-content\/uploads\/2025\/04\/IMG-20250414-WA0098-300x169.jpg\" alt=\"\" width=\"300\" height=\"169\" srcset=\"https:\/\/periodicolarepublica.com\/wp-content\/uploads\/2025\/04\/IMG-20250414-WA0098-300x169.jpg?v=1744634297 300w, https:\/\/periodicolarepublica.com\/wp-content\/uploads\/2025\/04\/IMG-20250414-WA0098-1024x577.jpg?v=1744634297 1024w, https:\/\/periodicolarepublica.com\/wp-content\/uploads\/2025\/04\/IMG-20250414-WA0098-768x433.jpg?v=1744634297 768w, https:\/\/periodicolarepublica.com\/wp-content\/uploads\/2025\/04\/IMG-20250414-WA0098-1536x865.jpg?v=1744634297 1536w, https:\/\/periodicolarepublica.com\/wp-content\/uploads\/2025\/04\/IMG-20250414-WA0098-2048x1154.jpg?v=1744634297 2048w, https:\/\/periodicolarepublica.com\/wp-content\/uploads\/2025\/04\/IMG-20250414-WA0098-150x84.jpg?v=1744634297 150w, https:\/\/periodicolarepublica.com\/wp-content\/uploads\/2025\/04\/IMG-20250414-WA0098-600x338.jpg?v=1744634297 600w, https:\/\/periodicolarepublica.com\/wp-content\/uploads\/2025\/04\/IMG-20250414-WA0098-696x392.jpg?v=1744634297 696w, https:\/\/periodicolarepublica.com\/wp-content\/uploads\/2025\/04\/IMG-20250414-WA0098-1392x784.jpg?v=1744634297 1392w, https:\/\/periodicolarepublica.com\/wp-content\/uploads\/2025\/04\/IMG-20250414-WA0098-1068x602.jpg?v=1744634297 1068w, https:\/\/periodicolarepublica.com\/wp-content\/uploads\/2025\/04\/IMG-20250414-WA0098-1920x1082.jpg?v=1744634297 1920w\" sizes=\"auto, (max-width: 300px) 100vw, 300px\" \/><\/p>\n","protected":false},"excerpt":{"rendered":"<p>La concentraci\u00f3n cristiana \u201cRD es Dios\u201d ser\u00e1 un evento totalmente gratuito para el pueblo dominicano que se llevar\u00e1 a cabo este S\u00e1bado Santo, el pr\u00f3ximo 19 de abril, en el parqueo del Estadio Quisqueya Juan Marichal, de 3:00 P.M. a 9:00 P.M., donde cantar\u00e1n los principales grupos cristianos, participar\u00e1n predicadores y oradores, quienes dar\u00e1n una [&hellip;]<\/p>\n","protected":false},"author":10,"featured_media":3031,"comment_status":"open","ping_status":"open","sticky":false,"template":"","format":"standard","meta":{"om_disable_all_campaigns":false,"_monsterinsights_skip_tracking":false,"_monsterinsights_sitenote_active":false,"_monsterinsights_sitenote_note":"","_monsterinsights_sitenote_category":0,"footnotes":""},"categories":[1],"tags":[],"class_list":{"0":"post-3030","1":"post","2":"type-post","3":"status-publish","4":"format-standard","5":"has-post-thumbnail","7":"category-nacionales"},"aioseo_notices":[],"_links":{"self":[{"href":"https:\/\/periodicolarepublica.com\/index.php\/wp-json\/wp\/v2\/posts\/3030","targetHints":{"allow":["GET"]}}],"collection":[{"href":"https:\/\/periodicolarepublica.com\/index.php\/wp-json\/wp\/v2\/posts"}],"about":[{"href":"https:\/\/periodicolarepublica.com\/index.php\/wp-json\/wp\/v2\/types\/post"}],"author":[{"embeddable":true,"href":"https:\/\/periodicolarepublica.com\/index.php\/wp-json\/wp\/v2\/users\/10"}],"replies":[{"embeddable":true,"href":"https:\/\/periodicolarepublica.com\/index.php\/wp-json\/wp\/v2\/comments?post=3030"}],"version-history":[{"count":1,"href":"https:\/\/periodicolarepublica.com\/index.php\/wp-json\/wp\/v2\/posts\/3030\/revisions"}],"predecessor-version":[{"id":3032,"href":"https:\/\/periodicolarepublica.com\/index.php\/wp-json\/wp\/v2\/posts\/3030\/revisions\/3032"}],"wp:featuredmedia":[{"embeddable":true,"href":"https:\/\/periodicolarepublica.com\/index.php\/wp-json\/wp\/v2\/media\/3031"}],"wp:attachment":[{"href":"https:\/\/periodicolarepublica.com\/index.php\/wp-json\/wp\/v2\/media?parent=3030"}],"wp:term":[{"taxonomy":"category","embeddable":true,"href":"https:\/\/periodicolarepublica.com\/index.php\/wp-json\/wp\/v2\/categories?post=3030"},{"taxonomy":"post_tag","embeddable":true,"href":"https:\/\/periodicolarepublica.com\/index.php\/wp-json\/wp\/v2\/tags?post=3030"}],"curies":[{"name":"wp","href":"https:\/\/api.w.org\/{rel}","templated":true}]}}