{"id":3033,"date":"2025-04-14T15:44:50","date_gmt":"2025-04-14T13:44:50","guid":{"rendered":"https:\/\/periodicolarepublica.com\/?p=3033"},"modified":"2025-04-14T15:44:50","modified_gmt":"2025-04-14T13:44:50","slug":"arajet-inicia-vuelos-a-estados-unidos","status":"publish","type":"post","link":"https:\/\/periodicolarepublica.com\/index.php\/2025\/04\/14\/arajet-inicia-vuelos-a-estados-unidos\/","title":{"rendered":"Arajet inicia vuelos a Estados Unidos"},"content":{"rendered":"<p style=\"text-align: left;\">La aerol\u00ednea dominicana aterriz\u00f3 en el Aeropuerto Internacional de Miami con 189 pasajeros en un Boeing 737 Max 8 de nombre Los Haitises, que tiene la bandera nacional dibujada a lo largo del fuselaje de la aeronave.<\/p>\n<p>Santo Domingo, Rep\u00fablica Dominicana. &#8211; Arajet, la aerol\u00ednea de la Rep\u00fablica Dominicana realiz\u00f3 con \u00e9xito su primer vuelo a los Estados Unidos. El vuelo DM 2100 despeg\u00f3 desde el Aeropuerto Internacional Las Am\u00e9ricas (SDQ) en Santo Domingo y aterriz\u00f3 en el Aeropuerto Internacional de Miami (MIA), marcando un hito hist\u00f3rico para la aerol\u00ednea y la industria de la aviaci\u00f3n dominicana.<\/p>\n<p>Este logro fue en parte posible gracias al Acuerdo de Cielos Abiertos, el cual facilita una mayor conectividad entre la Rep\u00fablica Dominicana y los Estados Unidos.<\/p>\n<p>El vuelo transport\u00f3 a 168 pasajeros en un Boeing 737 Max 8 de nombre Los Haitises, y fue recibido por las autoridades del aeropuerto de Miami as\u00ed como representantes gubernamentales norteamericanos y dominicanos.<\/p>\n<p>Arajet estar\u00e1 volando a partir de hoy 4 veces a la semana entre Santo Domingo y Miami, y a partir del verano aumentar\u00e1 la frecuencia a 7 vuelos a la semana, as\u00ed como agregar\u00e1 la ruta entre Punta Cana y Miami, tambi\u00e9n con 7 frecuencias semanales.<\/p>\n<p><img loading=\"lazy\" decoding=\"async\" class=\"alignnone size-medium wp-image-3034\" src=\"https:\/\/periodicolarepublica.com\/wp-content\/uploads\/2025\/04\/Victor-Pacheco-ondea-la-bandera-dominicana-al-llegar-a-MIA-Airport-300x200.jpeg\" alt=\"\" width=\"300\" height=\"200\" srcset=\"https:\/\/periodicolarepublica.com\/wp-content\/uploads\/2025\/04\/Victor-Pacheco-ondea-la-bandera-dominicana-al-llegar-a-MIA-Airport-300x200.jpeg 300w, https:\/\/periodicolarepublica.com\/wp-content\/uploads\/2025\/04\/Victor-Pacheco-ondea-la-bandera-dominicana-al-llegar-a-MIA-Airport-1024x682.jpeg 1024w, https:\/\/periodicolarepublica.com\/wp-content\/uploads\/2025\/04\/Victor-Pacheco-ondea-la-bandera-dominicana-al-llegar-a-MIA-Airport-768x512.jpeg 768w, https:\/\/periodicolarepublica.com\/wp-content\/uploads\/2025\/04\/Victor-Pacheco-ondea-la-bandera-dominicana-al-llegar-a-MIA-Airport-1536x1023.jpeg 1536w, https:\/\/periodicolarepublica.com\/wp-content\/uploads\/2025\/04\/Victor-Pacheco-ondea-la-bandera-dominicana-al-llegar-a-MIA-Airport-150x100.jpeg 150w, https:\/\/periodicolarepublica.com\/wp-content\/uploads\/2025\/04\/Victor-Pacheco-ondea-la-bandera-dominicana-al-llegar-a-MIA-Airport-600x400.jpeg 600w, https:\/\/periodicolarepublica.com\/wp-content\/uploads\/2025\/04\/Victor-Pacheco-ondea-la-bandera-dominicana-al-llegar-a-MIA-Airport-696x464.jpeg 696w, https:\/\/periodicolarepublica.com\/wp-content\/uploads\/2025\/04\/Victor-Pacheco-ondea-la-bandera-dominicana-al-llegar-a-MIA-Airport-1392x927.jpeg 1392w, https:\/\/periodicolarepublica.com\/wp-content\/uploads\/2025\/04\/Victor-Pacheco-ondea-la-bandera-dominicana-al-llegar-a-MIA-Airport-1068x712.jpeg 1068w, https:\/\/periodicolarepublica.com\/wp-content\/uploads\/2025\/04\/Victor-Pacheco-ondea-la-bandera-dominicana-al-llegar-a-MIA-Airport.jpeg 1600w\" sizes=\"auto, (max-width: 300px) 100vw, 300px\" \/><\/p>\n","protected":false},"excerpt":{"rendered":"<p>La aerol\u00ednea dominicana aterriz\u00f3 en el Aeropuerto Internacional de Miami con 189 pasajeros en un Boeing 737 Max 8 de nombre Los Haitises, que tiene la bandera nacional dibujada a lo largo del fuselaje de la aeronave. Santo Domingo, Rep\u00fablica Dominicana. &#8211; Arajet, la aerol\u00ednea de la Rep\u00fablica Dominicana realiz\u00f3 con \u00e9xito su primer vuelo [&hellip;]<\/p>\n","protected":false},"author":6,"featured_media":3034,"comment_status":"open","ping_status":"open","sticky":false,"template":"","format":"standard","meta":{"om_disable_all_campaigns":false,"_monsterinsights_skip_tracking":false,"_monsterinsights_sitenote_active":false,"_monsterinsights_sitenote_note":"","_monsterinsights_sitenote_category":0,"footnotes":""},"categories":[1],"tags":[288,106,376,377],"class_list":{"0":"post-3033","1":"post","2":"type-post","3":"status-publish","4":"format-standard","5":"has-post-thumbnail","7":"category-nacionales","8":"tag-arajet-com","9":"tag-boletos-aereos","10":"tag-oferta-de-ticket","11":"tag-viaja-a-miami"},"aioseo_notices":[],"_links":{"self":[{"href":"https:\/\/periodicolarepublica.com\/index.php\/wp-json\/wp\/v2\/posts\/3033","targetHints":{"allow":["GET"]}}],"collection":[{"href":"https:\/\/periodicolarepublica.com\/index.php\/wp-json\/wp\/v2\/posts"}],"about":[{"href":"https:\/\/periodicolarepublica.com\/index.php\/wp-json\/wp\/v2\/types\/post"}],"author":[{"embeddable":true,"href":"https:\/\/periodicolarepublica.com\/index.php\/wp-json\/wp\/v2\/users\/6"}],"replies":[{"embeddable":true,"href":"https:\/\/periodicolarepublica.com\/index.php\/wp-json\/wp\/v2\/comments?post=3033"}],"version-history":[{"count":1,"href":"https:\/\/periodicolarepublica.com\/index.php\/wp-json\/wp\/v2\/posts\/3033\/revisions"}],"predecessor-version":[{"id":3035,"href":"https:\/\/periodicolarepublica.com\/index.php\/wp-json\/wp\/v2\/posts\/3033\/revisions\/3035"}],"wp:featuredmedia":[{"embeddable":true,"href":"https:\/\/periodicolarepublica.com\/index.php\/wp-json\/wp\/v2\/media\/3034"}],"wp:attachment":[{"href":"https:\/\/periodicolarepublica.com\/index.php\/wp-json\/wp\/v2\/media?parent=3033"}],"wp:term":[{"taxonomy":"category","embeddable":true,"href":"https:\/\/periodicolarepublica.com\/index.php\/wp-json\/wp\/v2\/categories?post=3033"},{"taxonomy":"post_tag","embeddable":true,"href":"https:\/\/periodicolarepublica.com\/index.php\/wp-json\/wp\/v2\/tags?post=3033"}],"curies":[{"name":"wp","href":"https:\/\/api.w.org\/{rel}","templated":true}]}}