{"id":3036,"date":"2025-04-14T15:52:20","date_gmt":"2025-04-14T13:52:20","guid":{"rendered":"https:\/\/periodicolarepublica.com\/?p=3036"},"modified":"2025-04-14T15:52:20","modified_gmt":"2025-04-14T13:52:20","slug":"crean-justiciajetset-com-de-asistencia-legal-afectados-tragedia-jet-set","status":"publish","type":"post","link":"https:\/\/periodicolarepublica.com\/index.php\/2025\/04\/14\/crean-justiciajetset-com-de-asistencia-legal-afectados-tragedia-jet-set\/","title":{"rendered":"Crean justiciajetset.com de asistencia legal afectados tragedia Jet Set"},"content":{"rendered":"<p>justiciajetset.com es para dar asistencia legal y psicol\u00f3gica gratuita a los afectados de la tragedia en la discoteca Jet Set<\/p>\n<p>Santo Domingo, R.D. \u2013 En respuesta a la tragedia ocurrida en la discoteca Jet Set, un grupo de firmas legales con profesionales de la salud mental y otros servicios han unido fuerzas para brindar apoyo gratuito a los afectados a trav\u00e9s de la nueva plataforma digital www.justiciajetset.com. para quienes necesiten orientaci\u00f3n tras los lamentables hechos.<\/p>\n<p>El proyecto est\u00e1 liderado por los abogados M\u00e1ximo Mi\u00f1oso, Ricardo Alc\u00e1ntara, Hanfiel Polanco junto a un equipo multidisciplinario de colegas, estar\u00e1n ofreciendo representaci\u00f3n legal a las v\u00edctimas y sus familias. La iniciativa cuenta con el respaldo de varias firmas de abogados y consultor\u00eda como Instituto ICAP, MM Legal, HDPR, TVP, Sinergy, Serficonsa, Inversiones Thomfelz, Alcantara y Asoc y Psicosalud, Bermellon entre otras.<\/p>\n<p>\u201cQueremos que cada afectado sepa que no est\u00e1 solo, que sientan respaldo, confianza y la certeza de que estamos con ellos. Nuestra meta es garantizar que reciban no solo justicia en los tribunales, sino tambi\u00e9n el acompa\u00f1amiento emocional que tanto necesitan en estos momentos dif\u00edciles\u201d, se\u00f1alaron los abogados, de los cuales conforman el grupo M\u00e1ximo Mi\u00f1oso, Ricardo Alc\u00e1ntara, Hanfiel Polanco, Ram\u00f3n Plata, Jennifer Feliz entre otros que son parte del proyecto.<\/p>\n<p>La plataforma justiciajetset.com est\u00e1 habilitada para recibir solicitudes de acompa\u00f1amiento legal y psicol\u00f3gico, facilitando el contacto con los equipos de profesionales involucrados en esta causa. Tambi\u00e9n se ofrecer\u00e1 informaci\u00f3n actualizada sobre el estado del caso, derechos de los afectados y recursos disponibles mediante sus redes sociales en instagram @justiciajetsetrd<\/p>\n<p>Con esta iniciativa, los organizadores reafirman su compromiso con la justicia, el bienestar social.<\/p>\n<p><img loading=\"lazy\" decoding=\"async\" class=\"alignnone size-medium wp-image-3037\" src=\"https:\/\/periodicolarepublica.com\/wp-content\/uploads\/2025\/04\/IMG-20250414-WA0008-300x227.jpg\" alt=\"\" width=\"300\" height=\"227\" srcset=\"https:\/\/periodicolarepublica.com\/wp-content\/uploads\/2025\/04\/IMG-20250414-WA0008-300x227.jpg 300w, https:\/\/periodicolarepublica.com\/wp-content\/uploads\/2025\/04\/IMG-20250414-WA0008-1024x775.jpg 1024w, https:\/\/periodicolarepublica.com\/wp-content\/uploads\/2025\/04\/IMG-20250414-WA0008-768x581.jpg 768w, https:\/\/periodicolarepublica.com\/wp-content\/uploads\/2025\/04\/IMG-20250414-WA0008-150x114.jpg 150w, https:\/\/periodicolarepublica.com\/wp-content\/uploads\/2025\/04\/IMG-20250414-WA0008-600x454.jpg 600w, https:\/\/periodicolarepublica.com\/wp-content\/uploads\/2025\/04\/IMG-20250414-WA0008-696x527.jpg 696w, https:\/\/periodicolarepublica.com\/wp-content\/uploads\/2025\/04\/IMG-20250414-WA0008-1068x808.jpg 1068w, https:\/\/periodicolarepublica.com\/wp-content\/uploads\/2025\/04\/IMG-20250414-WA0008.jpg 1320w\" sizes=\"auto, (max-width: 300px) 100vw, 300px\" \/><\/p>\n","protected":false},"excerpt":{"rendered":"<p>justiciajetset.com es para dar asistencia legal y psicol\u00f3gica gratuita a los afectados de la tragedia en la discoteca Jet Set Santo Domingo, R.D. \u2013 En respuesta a la tragedia ocurrida en la discoteca Jet Set, un grupo de firmas legales con profesionales de la salud mental y otros servicios han unido fuerzas para brindar apoyo [&hellip;]<\/p>\n","protected":false},"author":6,"featured_media":3037,"comment_status":"open","ping_status":"open","sticky":false,"template":"","format":"standard","meta":{"om_disable_all_campaigns":false,"_monsterinsights_skip_tracking":false,"_monsterinsights_sitenote_active":false,"_monsterinsights_sitenote_note":"","_monsterinsights_sitenote_category":0,"footnotes":""},"categories":[1],"tags":[381,380,379,371,382,378],"class_list":{"0":"post-3036","1":"post","2":"type-post","3":"status-publish","4":"format-standard","5":"has-post-thumbnail","7":"category-nacionales","8":"tag-abogado-dominicano","9":"tag-abogados-gratis","10":"tag-demanda-jet-set","11":"tag-jet-set","12":"tag-querella","13":"tag-victimas"},"aioseo_notices":[],"_links":{"self":[{"href":"https:\/\/periodicolarepublica.com\/index.php\/wp-json\/wp\/v2\/posts\/3036","targetHints":{"allow":["GET"]}}],"collection":[{"href":"https:\/\/periodicolarepublica.com\/index.php\/wp-json\/wp\/v2\/posts"}],"about":[{"href":"https:\/\/periodicolarepublica.com\/index.php\/wp-json\/wp\/v2\/types\/post"}],"author":[{"embeddable":true,"href":"https:\/\/periodicolarepublica.com\/index.php\/wp-json\/wp\/v2\/users\/6"}],"replies":[{"embeddable":true,"href":"https:\/\/periodicolarepublica.com\/index.php\/wp-json\/wp\/v2\/comments?post=3036"}],"version-history":[{"count":1,"href":"https:\/\/periodicolarepublica.com\/index.php\/wp-json\/wp\/v2\/posts\/3036\/revisions"}],"predecessor-version":[{"id":3038,"href":"https:\/\/periodicolarepublica.com\/index.php\/wp-json\/wp\/v2\/posts\/3036\/revisions\/3038"}],"wp:featuredmedia":[{"embeddable":true,"href":"https:\/\/periodicolarepublica.com\/index.php\/wp-json\/wp\/v2\/media\/3037"}],"wp:attachment":[{"href":"https:\/\/periodicolarepublica.com\/index.php\/wp-json\/wp\/v2\/media?parent=3036"}],"wp:term":[{"taxonomy":"category","embeddable":true,"href":"https:\/\/periodicolarepublica.com\/index.php\/wp-json\/wp\/v2\/categories?post=3036"},{"taxonomy":"post_tag","embeddable":true,"href":"https:\/\/periodicolarepublica.com\/index.php\/wp-json\/wp\/v2\/tags?post=3036"}],"curies":[{"name":"wp","href":"https:\/\/api.w.org\/{rel}","templated":true}]}}