{"id":3039,"date":"2025-04-14T22:08:46","date_gmt":"2025-04-14T20:08:46","guid":{"rendered":"https:\/\/periodicolarepublica.com\/?p=3039"},"modified":"2025-04-14T22:08:46","modified_gmt":"2025-04-14T20:08:46","slug":"ministerio-de-salud-realiza-encuentro-de-intervencion-psicologica-a-personal-que-respondio-a-la-tragedia-en-el-jet-set","status":"publish","type":"post","link":"https:\/\/periodicolarepublica.com\/index.php\/2025\/04\/14\/ministerio-de-salud-realiza-encuentro-de-intervencion-psicologica-a-personal-que-respondio-a-la-tragedia-en-el-jet-set\/","title":{"rendered":"Ministerio de Salud realiza encuentro de intervenci\u00f3n psicol\u00f3gica a personal que respondi\u00f3 a la tragedia en el Jet Set"},"content":{"rendered":"<p>SANTO DOMINGO-. El Ministerio de Salud P\u00fablica (MSP) a trav\u00e9s de su departamento de Salud Mental, realiz\u00f3 este lunes un taller de intervenci\u00f3n psicol\u00f3gica al personal de la entidad de salud, que dio respuesta en la tragedia ocurrida el pasado martes en la discoteca Jet Set.<\/p>\n<p>El encuentro tuvo como objetivo ofrecer un espacio de contenci\u00f3n emocional y psicoeducaci\u00f3n, con un enfoque psicoeducativo, emp\u00e1tico y pr\u00e1ctico, con la finalidad de trabajar el estr\u00e9s y el proceso emocional posterior a las acciones de respuesta.<\/p>\n<p>La intervenci\u00f3n en salud mental estuvo dirigida al personal del Ministerio de Salud, espec\u00edficamente de los departamentos de: Gesti\u00f3n de Riesgo, Salud Mental, Transportaci\u00f3n y Mantenimiento, los cuales estuvieron presentes dando respuesta a la tragedia.<\/p>\n<p>En el encuentro el doctor Alejandro Uribe, director de Salud Mental, resalt\u00f3 la importancia de manejar el estr\u00e9s y traumas que puede enfrentar el personal de atenci\u00f3n. Dijo que estos talleres contribuyen de manera significativa a calmar la ansiedad y el estr\u00e9s.<\/p>\n<p>El funcionario agradeci\u00f3 al personal de salud por su contribuci\u00f3n y entrega en la pronta respuesta a la tragedia ocurrida en el centro de diversiones. Resalt\u00f3 que el Ministerio mantendr\u00e1 el acompa\u00f1amiento psicol\u00f3gico para resguardar la salud de sus colaboradores.<\/p>\n<p>En tanto que, la doctora Vanessa Espaillat coordinadora de la Unidad de Intervenci\u00f3n en Crisis y Traumas de la Escuela de Psicolog\u00eda de la Universidad Iberoamericana (UNIBE), y representante de la Asociaci\u00f3n Mundial de Psicolog\u00eda en Emergencia (AMPE), estuvo a cargo de la terapia que tambi\u00e9n cont\u00f3 con la participaci\u00f3n de la doctora Odil Camilo Rectora de UNIBE.<\/p>\n<p>Desarrollaron temas grupales como: \u00abRespuesta de cuerpo y mente al estr\u00e9s prolongado\u00b4\u00bb, \u00abManejo del estr\u00e9s y del proceso emocional posterior al evento\u00bb, \u00abSe\u00f1ales de alerta emocional\u00bb, \u00abPautas de autocuidado\u00bb, entre otros.<img loading=\"lazy\" decoding=\"async\" class=\"size-medium wp-image-3040 alignright\" src=\"https:\/\/periodicolarepublica.com\/wp-content\/uploads\/2025\/04\/IMG-20250414-WA0390-300x200.jpg\" alt=\"\" width=\"300\" height=\"200\" srcset=\"https:\/\/periodicolarepublica.com\/wp-content\/uploads\/2025\/04\/IMG-20250414-WA0390-300x200.jpg?v=1744661313 300w, https:\/\/periodicolarepublica.com\/wp-content\/uploads\/2025\/04\/IMG-20250414-WA0390-1024x682.jpg?v=1744661313 1024w, https:\/\/periodicolarepublica.com\/wp-content\/uploads\/2025\/04\/IMG-20250414-WA0390-768x512.jpg?v=1744661313 768w, https:\/\/periodicolarepublica.com\/wp-content\/uploads\/2025\/04\/IMG-20250414-WA0390-1536x1023.jpg?v=1744661313 1536w, https:\/\/periodicolarepublica.com\/wp-content\/uploads\/2025\/04\/IMG-20250414-WA0390-150x100.jpg?v=1744661313 150w, https:\/\/periodicolarepublica.com\/wp-content\/uploads\/2025\/04\/IMG-20250414-WA0390-600x400.jpg?v=1744661313 600w, https:\/\/periodicolarepublica.com\/wp-content\/uploads\/2025\/04\/IMG-20250414-WA0390-696x464.jpg?v=1744661313 696w, https:\/\/periodicolarepublica.com\/wp-content\/uploads\/2025\/04\/IMG-20250414-WA0390-1392x927.jpg?v=1744661313 1392w, https:\/\/periodicolarepublica.com\/wp-content\/uploads\/2025\/04\/IMG-20250414-WA0390-1068x712.jpg?v=1744661313 1068w, https:\/\/periodicolarepublica.com\/wp-content\/uploads\/2025\/04\/IMG-20250414-WA0390.jpg?v=1744661313 1600w\" sizes=\"auto, (max-width: 300px) 100vw, 300px\" \/><\/p>\n","protected":false},"excerpt":{"rendered":"<p>SANTO DOMINGO-. El Ministerio de Salud P\u00fablica (MSP) a trav\u00e9s de su departamento de Salud Mental, realiz\u00f3 este lunes un taller de intervenci\u00f3n psicol\u00f3gica al personal de la entidad de salud, que dio respuesta en la tragedia ocurrida el pasado martes en la discoteca Jet Set. El encuentro tuvo como objetivo ofrecer un espacio de [&hellip;]<\/p>\n","protected":false},"author":10,"featured_media":3040,"comment_status":"open","ping_status":"open","sticky":false,"template":"","format":"standard","meta":{"om_disable_all_campaigns":false,"_monsterinsights_skip_tracking":false,"_monsterinsights_sitenote_active":false,"_monsterinsights_sitenote_note":"","_monsterinsights_sitenote_category":0,"footnotes":""},"categories":[1],"tags":[],"class_list":{"0":"post-3039","1":"post","2":"type-post","3":"status-publish","4":"format-standard","5":"has-post-thumbnail","7":"category-nacionales"},"aioseo_notices":[],"_links":{"self":[{"href":"https:\/\/periodicolarepublica.com\/index.php\/wp-json\/wp\/v2\/posts\/3039","targetHints":{"allow":["GET"]}}],"collection":[{"href":"https:\/\/periodicolarepublica.com\/index.php\/wp-json\/wp\/v2\/posts"}],"about":[{"href":"https:\/\/periodicolarepublica.com\/index.php\/wp-json\/wp\/v2\/types\/post"}],"author":[{"embeddable":true,"href":"https:\/\/periodicolarepublica.com\/index.php\/wp-json\/wp\/v2\/users\/10"}],"replies":[{"embeddable":true,"href":"https:\/\/periodicolarepublica.com\/index.php\/wp-json\/wp\/v2\/comments?post=3039"}],"version-history":[{"count":1,"href":"https:\/\/periodicolarepublica.com\/index.php\/wp-json\/wp\/v2\/posts\/3039\/revisions"}],"predecessor-version":[{"id":3041,"href":"https:\/\/periodicolarepublica.com\/index.php\/wp-json\/wp\/v2\/posts\/3039\/revisions\/3041"}],"wp:featuredmedia":[{"embeddable":true,"href":"https:\/\/periodicolarepublica.com\/index.php\/wp-json\/wp\/v2\/media\/3040"}],"wp:attachment":[{"href":"https:\/\/periodicolarepublica.com\/index.php\/wp-json\/wp\/v2\/media?parent=3039"}],"wp:term":[{"taxonomy":"category","embeddable":true,"href":"https:\/\/periodicolarepublica.com\/index.php\/wp-json\/wp\/v2\/categories?post=3039"},{"taxonomy":"post_tag","embeddable":true,"href":"https:\/\/periodicolarepublica.com\/index.php\/wp-json\/wp\/v2\/tags?post=3039"}],"curies":[{"name":"wp","href":"https:\/\/api.w.org\/{rel}","templated":true}]}}