{"id":3057,"date":"2025-04-15T21:21:01","date_gmt":"2025-04-15T19:21:01","guid":{"rendered":"https:\/\/periodicolarepublica.com\/?p=3057"},"modified":"2025-04-20T21:21:35","modified_gmt":"2025-04-20T19:21:35","slug":"alcaldia-sdn-realiza-misa-en-honor-a-victimas-de-tragedia-en-discoteca-jet-set-2","status":"publish","type":"post","link":"https:\/\/periodicolarepublica.com\/index.php\/2025\/04\/15\/alcaldia-sdn-realiza-misa-en-honor-a-victimas-de-tragedia-en-discoteca-jet-set-2\/","title":{"rendered":"Alcald\u00eda SDN realiza misa en honor a v\u00edctimas de tragedia en discoteca Jet Set"},"content":{"rendered":"<ol>\n<li>En un acto de solidaridad y acompa\u00f1amiento, la Alcald\u00eda de Santo Domingo Norte (ASDN), realiz\u00f3 una misa en honor a las v\u00edctimas mortales del colapso del techo de la discoteca Jet Set, hecho ocurrido la madrugada del pasado martes.<\/li>\n<\/ol>\n<p>La ceremonia, encabezada por la alcaldesa Betty Ger\u00f2nimo, tuvo lugar lugar en la Iglesia Am\u00e9rica Latina, ubicada en el sector de Sabana Perdida y fue oficiada por el p\u00e1rroco Joel Villafa\u00f1a, quien elev\u00f3 plegarias por el eterno descanso de los fallecidos y por la fortaleza para sus familiares.<\/p>\n<p>Ger\u00f3nimo se solidariz\u00f3 con cada uno de los parientes de los ocho fallecidos oriundos del municipio, a quienes les ofreci\u00f3 sus condolencias.<\/p>\n<p>Familiares de las v\u00edctimas definieron a sus parientes como personas de bien, quienes aprovecharon la ocasi\u00f3n para contar an\u00e9cdotas y recordaron sus momentos de vida.<\/p>\n<p>En la eucarist\u00eda tambi\u00e9n estuvieron presentes miembros de la Defensa Civil y socorristas de Santo Domingo Norte, quienes participaron en la heroica labor de rescatar a los sobrevivientes de la tragedia.<\/p>\n<p>DIRECCI\u00d3N DE COMUNICACIONES<img loading=\"lazy\" decoding=\"async\" class=\"alignnone size-medium wp-image-3025\" src=\"https:\/\/periodicolarepublica.com\/wp-content\/uploads\/2025\/04\/Desplome_Discoteca_Jet_Set-300x210.png\" alt=\"\" width=\"300\" height=\"210\" srcset=\"https:\/\/periodicolarepublica.com\/wp-content\/uploads\/2025\/04\/Desplome_Discoteca_Jet_Set-300x210.png 300w, https:\/\/periodicolarepublica.com\/wp-content\/uploads\/2025\/04\/Desplome_Discoteca_Jet_Set-768x537.png 768w, https:\/\/periodicolarepublica.com\/wp-content\/uploads\/2025\/04\/Desplome_Discoteca_Jet_Set-150x105.png 150w, https:\/\/periodicolarepublica.com\/wp-content\/uploads\/2025\/04\/Desplome_Discoteca_Jet_Set-600x419.png 600w, https:\/\/periodicolarepublica.com\/wp-content\/uploads\/2025\/04\/Desplome_Discoteca_Jet_Set-696x486.png 696w, https:\/\/periodicolarepublica.com\/wp-content\/uploads\/2025\/04\/Desplome_Discoteca_Jet_Set-100x70.png 100w, https:\/\/periodicolarepublica.com\/wp-content\/uploads\/2025\/04\/Desplome_Discoteca_Jet_Set-200x140.png 200w, https:\/\/periodicolarepublica.com\/wp-content\/uploads\/2025\/04\/Desplome_Discoteca_Jet_Set.png 999w\" sizes=\"auto, (max-width: 300px) 100vw, 300px\" \/><\/p>\n","protected":false},"excerpt":{"rendered":"<p>En un acto de solidaridad y acompa\u00f1amiento, la Alcald\u00eda de Santo Domingo Norte (ASDN), realiz\u00f3 una misa en honor a las v\u00edctimas mortales del colapso del techo de la discoteca Jet Set, hecho ocurrido la madrugada del pasado martes. La ceremonia, encabezada por la alcaldesa Betty Ger\u00f2nimo, tuvo lugar lugar en la Iglesia Am\u00e9rica Latina, [&hellip;]<\/p>\n","protected":false},"author":6,"featured_media":3025,"comment_status":"open","ping_status":"open","sticky":false,"template":"","format":"standard","meta":{"om_disable_all_campaigns":false,"_monsterinsights_skip_tracking":false,"_monsterinsights_sitenote_active":false,"_monsterinsights_sitenote_note":"","_monsterinsights_sitenote_category":0,"footnotes":""},"categories":[1],"tags":[],"class_list":{"0":"post-3057","1":"post","2":"type-post","3":"status-publish","4":"format-standard","5":"has-post-thumbnail","7":"category-nacionales"},"aioseo_notices":[],"_links":{"self":[{"href":"https:\/\/periodicolarepublica.com\/index.php\/wp-json\/wp\/v2\/posts\/3057","targetHints":{"allow":["GET"]}}],"collection":[{"href":"https:\/\/periodicolarepublica.com\/index.php\/wp-json\/wp\/v2\/posts"}],"about":[{"href":"https:\/\/periodicolarepublica.com\/index.php\/wp-json\/wp\/v2\/types\/post"}],"author":[{"embeddable":true,"href":"https:\/\/periodicolarepublica.com\/index.php\/wp-json\/wp\/v2\/users\/6"}],"replies":[{"embeddable":true,"href":"https:\/\/periodicolarepublica.com\/index.php\/wp-json\/wp\/v2\/comments?post=3057"}],"version-history":[{"count":1,"href":"https:\/\/periodicolarepublica.com\/index.php\/wp-json\/wp\/v2\/posts\/3057\/revisions"}],"predecessor-version":[{"id":3058,"href":"https:\/\/periodicolarepublica.com\/index.php\/wp-json\/wp\/v2\/posts\/3057\/revisions\/3058"}],"wp:featuredmedia":[{"embeddable":true,"href":"https:\/\/periodicolarepublica.com\/index.php\/wp-json\/wp\/v2\/media\/3025"}],"wp:attachment":[{"href":"https:\/\/periodicolarepublica.com\/index.php\/wp-json\/wp\/v2\/media?parent=3057"}],"wp:term":[{"taxonomy":"category","embeddable":true,"href":"https:\/\/periodicolarepublica.com\/index.php\/wp-json\/wp\/v2\/categories?post=3057"},{"taxonomy":"post_tag","embeddable":true,"href":"https:\/\/periodicolarepublica.com\/index.php\/wp-json\/wp\/v2\/tags?post=3057"}],"curies":[{"name":"wp","href":"https:\/\/api.w.org\/{rel}","templated":true}]}}