{"id":3060,"date":"2025-04-20T21:26:41","date_gmt":"2025-04-20T19:26:41","guid":{"rendered":"https:\/\/periodicolarepublica.com\/?p=3060"},"modified":"2025-04-20T21:26:41","modified_gmt":"2025-04-20T19:26:41","slug":"por-tu-seguridad-la-digesett-realiza-carreteo-simultaneo-este-domingo-de-resurreccion","status":"publish","type":"post","link":"https:\/\/periodicolarepublica.com\/index.php\/2025\/04\/20\/por-tu-seguridad-la-digesett-realiza-carreteo-simultaneo-este-domingo-de-resurreccion\/","title":{"rendered":"Por tu seguridad, la DIGESETT realiza carreteo simult\u00e1neo este Domingo de Resurrecci\u00f3n"},"content":{"rendered":"<p>La Direcci\u00f3n General de Seguridad de Tr\u00e1nsito y Transporte Terrestre (DIGESETT) informa a la ciudadan\u00eda que este domingo de resurrecci\u00f3n, a partir de las 2:00 de la tarde, se llevar\u00e1 a cabo dos carreteos simult\u00e1neos en diversas regiones del pa\u00eds con el fin de garantizar la seguridad de los conductores durante el regreso de los vacacionistas en esta Semana Santa.<\/p>\n<p>Los carreteros iniciar\u00e1n en los siguientes puntos estrat\u00e9gicos: en la regi\u00f3n Este iniciar\u00e1 desde Punta Cana-B\u00e1varo hasta el puente Juan Carlos de la autopista Las Am\u00e9ricas, provincia Santo Domingo; En la autopista Duarte saldr\u00e1 de Santiago de los Caballeros hasta el Kil\u00f3metro 9; y en la regi\u00f3n Sur desde la circunvalaci\u00f3n de Bani hasta Pintura.<\/p>\n<p>El director de la DIGESETT, general Pascual Cruz M\u00e9ndez, P.N., explic\u00f3 que estas medidas se realizan para prevenir accidentes tr\u00e1nsito durante esta temporada alta de desplazamientos. \u201cLa colaboraci\u00f3n de la poblaci\u00f3n en el cumplimiento de las mismas es crucial para reducir los accidentes de tr\u00e1nsito, por lo que augur\u00f3 a los conductores un feliz y seguro regreso este Domingo de Resurrecci\u00f3n\u201d, dijo el general M\u00e9ndez.<\/p>\n<p>Del mismo modo, exhort\u00f3 a los conductores a mantener precauci\u00f3n y respetar las indicaciones de los agentes de tr\u00e1nsito que estar\u00e1n presentes en las diferentes rutas.<\/p>\n<p>*Departamento de Comunicaciones DIGESETT*<\/p>\n<p><img loading=\"lazy\" decoding=\"async\" class=\"alignnone size-medium wp-image-3061\" src=\"https:\/\/periodicolarepublica.com\/wp-content\/uploads\/2025\/04\/IMG-20250420-WA0013-300x200.jpg\" alt=\"\" width=\"300\" height=\"200\" srcset=\"https:\/\/periodicolarepublica.com\/wp-content\/uploads\/2025\/04\/IMG-20250420-WA0013-300x200.jpg 300w, https:\/\/periodicolarepublica.com\/wp-content\/uploads\/2025\/04\/IMG-20250420-WA0013-1024x682.jpg 1024w, https:\/\/periodicolarepublica.com\/wp-content\/uploads\/2025\/04\/IMG-20250420-WA0013-768x511.jpg 768w, https:\/\/periodicolarepublica.com\/wp-content\/uploads\/2025\/04\/IMG-20250420-WA0013-150x100.jpg 150w, https:\/\/periodicolarepublica.com\/wp-content\/uploads\/2025\/04\/IMG-20250420-WA0013-600x399.jpg 600w, https:\/\/periodicolarepublica.com\/wp-content\/uploads\/2025\/04\/IMG-20250420-WA0013-696x463.jpg 696w, https:\/\/periodicolarepublica.com\/wp-content\/uploads\/2025\/04\/IMG-20250420-WA0013-1068x711.jpg 1068w, https:\/\/periodicolarepublica.com\/wp-content\/uploads\/2025\/04\/IMG-20250420-WA0013.jpg 1280w\" sizes=\"auto, (max-width: 300px) 100vw, 300px\" \/><\/p>\n","protected":false},"excerpt":{"rendered":"<p>La Direcci\u00f3n General de Seguridad de Tr\u00e1nsito y Transporte Terrestre (DIGESETT) informa a la ciudadan\u00eda que este domingo de resurrecci\u00f3n, a partir de las 2:00 de la tarde, se llevar\u00e1 a cabo dos carreteos simult\u00e1neos en diversas regiones del pa\u00eds con el fin de garantizar la seguridad de los conductores durante el regreso de los [&hellip;]<\/p>\n","protected":false},"author":6,"featured_media":3061,"comment_status":"open","ping_status":"open","sticky":false,"template":"","format":"standard","meta":{"om_disable_all_campaigns":false,"_monsterinsights_skip_tracking":false,"_monsterinsights_sitenote_active":false,"_monsterinsights_sitenote_note":"","_monsterinsights_sitenote_category":0,"footnotes":""},"categories":[1],"tags":[],"class_list":{"0":"post-3060","1":"post","2":"type-post","3":"status-publish","4":"format-standard","5":"has-post-thumbnail","7":"category-nacionales"},"aioseo_notices":[],"_links":{"self":[{"href":"https:\/\/periodicolarepublica.com\/index.php\/wp-json\/wp\/v2\/posts\/3060","targetHints":{"allow":["GET"]}}],"collection":[{"href":"https:\/\/periodicolarepublica.com\/index.php\/wp-json\/wp\/v2\/posts"}],"about":[{"href":"https:\/\/periodicolarepublica.com\/index.php\/wp-json\/wp\/v2\/types\/post"}],"author":[{"embeddable":true,"href":"https:\/\/periodicolarepublica.com\/index.php\/wp-json\/wp\/v2\/users\/6"}],"replies":[{"embeddable":true,"href":"https:\/\/periodicolarepublica.com\/index.php\/wp-json\/wp\/v2\/comments?post=3060"}],"version-history":[{"count":1,"href":"https:\/\/periodicolarepublica.com\/index.php\/wp-json\/wp\/v2\/posts\/3060\/revisions"}],"predecessor-version":[{"id":3062,"href":"https:\/\/periodicolarepublica.com\/index.php\/wp-json\/wp\/v2\/posts\/3060\/revisions\/3062"}],"wp:featuredmedia":[{"embeddable":true,"href":"https:\/\/periodicolarepublica.com\/index.php\/wp-json\/wp\/v2\/media\/3061"}],"wp:attachment":[{"href":"https:\/\/periodicolarepublica.com\/index.php\/wp-json\/wp\/v2\/media?parent=3060"}],"wp:term":[{"taxonomy":"category","embeddable":true,"href":"https:\/\/periodicolarepublica.com\/index.php\/wp-json\/wp\/v2\/categories?post=3060"},{"taxonomy":"post_tag","embeddable":true,"href":"https:\/\/periodicolarepublica.com\/index.php\/wp-json\/wp\/v2\/tags?post=3060"}],"curies":[{"name":"wp","href":"https:\/\/api.w.org\/{rel}","templated":true}]}}