{"id":3063,"date":"2025-04-21T05:07:23","date_gmt":"2025-04-21T03:07:23","guid":{"rendered":"https:\/\/periodicolarepublica.com\/?p=3063"},"modified":"2025-04-21T05:10:45","modified_gmt":"2025-04-21T03:10:45","slug":"faride-raful-luchando-por-paz-una-batalla-necesaria-en-un-pais-que-ama-el-ruido","status":"publish","type":"post","link":"https:\/\/periodicolarepublica.com\/index.php\/2025\/04\/21\/faride-raful-luchando-por-paz-una-batalla-necesaria-en-un-pais-que-ama-el-ruido\/","title":{"rendered":"Faride Raful luchando por paz: una batalla en un pa\u00eds que ama el ruido"},"content":{"rendered":"<p>En un pa\u00eds donde la bulla parece haberse convertido en parte de la cultura, tomar medidas para controlar el ruido puede parecer una tarea tit\u00e1nica. Sin embargo, en la Rep\u00fablica Dominicana ya no podemos seguir ignorando el impacto negativo que tiene la contaminaci\u00f3n sonora en la calidad de vida de las personas. Por eso, resulta justo y necesario respaldar parte de las acciones que viene impulsando la Ministra de Interior y Polic\u00eda, Faride Raful, para ordenar un desorden que por a\u00f1os se ha normalizado.<\/p>\n<p>El uso excesivo de equipos de sonido en las calles, en negocios informales e incluso dentro de las casas con vol\u00famenes que superan por mucho los decibeles permitidos por la ley, se ha convertido en una agresi\u00f3n cotidiana contra quienes desean algo tan b\u00e1sico como descansar.<\/p>\n<p>El problema no es la m\u00fasica, sino la falta de respeto con la que se impone a los dem\u00e1s, sin importar horarios, circunstancias ni entornos.<\/p>\n<p>La ley existe para controlar el ruido, pero su cumplimiento ha sido hist\u00f3ricamente d\u00e9bil. Por eso, las acciones recientes deben verse no como una imposici\u00f3n, sino como un paso necesario para garantizar el derecho de todos a vivir en paz. Tal como lo afirma aquella frase de Benito Ju\u00e1rez \u201cEl respeto al derecho ajeno es la paz.\u201d<\/p>\n<p>Durante la Semana Santa, qued\u00f3 m\u00e1s que demostrado lo urgente que es reforzar estas regulaciones. Aunque la Semana Mayor pas\u00f3 despu\u00e9s de una tragedia que conmocion\u00f3 el pa\u00eds, no es para menos saber que la gente espera dicho tiempo para disfrutar y vacacionar. En muchas comunidades, el uso descontrolado de bocinas, cajones de sonido y fiestas improvisadas perturba la tranquilidad de barrios enteros, afectando ni\u00f1os, ancianos, enfermos y ciudadanos que simplemente quieren descansar. \u00bfEs justo que una sola persona imponga su ruido a toda una comunidad? Claramente no.<\/p>\n<p>La gesti\u00f3n de Faride Raful ha sido clara en su intenci\u00f3n de enfrentar este problema\u00a0 del ruido con responsabilidad. No cre\u00f3 que sea un capricho ni un acto de represi\u00f3n: es una pol\u00edtica de orden, respeto y hasta de salud p\u00fablica. Y quienes valoramos una convivencia basada en el respeto, debemos respaldarla.<\/p>\n<p>El ruido desmedido no es alegr\u00eda, es desorden. No es cultura, es falta de empat\u00eda. La diversi\u00f3n no puede construirse sobre el malestar ajeno. Es tiempo de que como sociedad asumamos que vivir en comunidad implica l\u00edmites. Y uno de esos l\u00edmites empieza por algo tan sencillo y tan poderoso como bajar y controlar el volumen.<img loading=\"lazy\" decoding=\"async\" class=\"alignnone size-medium wp-image-3064\" src=\"https:\/\/periodicolarepublica.com\/wp-content\/uploads\/2025\/04\/IMG_20250420_225535-300x171.jpg\" alt=\"\" width=\"300\" height=\"171\" srcset=\"https:\/\/periodicolarepublica.com\/wp-content\/uploads\/2025\/04\/IMG_20250420_225535-300x171.jpg 300w, https:\/\/periodicolarepublica.com\/wp-content\/uploads\/2025\/04\/IMG_20250420_225535-150x86.jpg 150w, https:\/\/periodicolarepublica.com\/wp-content\/uploads\/2025\/04\/IMG_20250420_225535-600x343.jpg 600w, https:\/\/periodicolarepublica.com\/wp-content\/uploads\/2025\/04\/IMG_20250420_225535-696x398.jpg 696w, https:\/\/periodicolarepublica.com\/wp-content\/uploads\/2025\/04\/IMG_20250420_225535.jpg 714w\" sizes=\"auto, (max-width: 300px) 100vw, 300px\" \/><\/p>\n<p>No es un tema de prohibir la importancia de bocinas y equipos, en otros pa\u00edses tienen acceso a esto y respetan el derecho de los dem\u00e1s evitando el ruido.<\/p>\n<p>&nbsp;<\/p>\n","protected":false},"excerpt":{"rendered":"<p>En un pa\u00eds donde la bulla parece haberse convertido en parte de la cultura, tomar medidas para controlar el ruido puede parecer una tarea tit\u00e1nica. Sin embargo, en la Rep\u00fablica Dominicana ya no podemos seguir ignorando el impacto negativo que tiene la contaminaci\u00f3n sonora en la calidad de vida de las personas. Por eso, resulta [&hellip;]<\/p>\n","protected":false},"author":1,"featured_media":3064,"comment_status":"open","ping_status":"open","sticky":false,"template":"","format":"standard","meta":{"om_disable_all_campaigns":false,"_monsterinsights_skip_tracking":false,"_monsterinsights_sitenote_active":false,"_monsterinsights_sitenote_note":"","_monsterinsights_sitenote_category":0,"footnotes":""},"categories":[1],"tags":[386,385,387],"class_list":{"0":"post-3063","1":"post","2":"type-post","3":"status-publish","4":"format-standard","5":"has-post-thumbnail","7":"category-nacionales","8":"tag-bocina","9":"tag-faride-raful","10":"tag-ruido"},"aioseo_notices":[],"_links":{"self":[{"href":"https:\/\/periodicolarepublica.com\/index.php\/wp-json\/wp\/v2\/posts\/3063","targetHints":{"allow":["GET"]}}],"collection":[{"href":"https:\/\/periodicolarepublica.com\/index.php\/wp-json\/wp\/v2\/posts"}],"about":[{"href":"https:\/\/periodicolarepublica.com\/index.php\/wp-json\/wp\/v2\/types\/post"}],"author":[{"embeddable":true,"href":"https:\/\/periodicolarepublica.com\/index.php\/wp-json\/wp\/v2\/users\/1"}],"replies":[{"embeddable":true,"href":"https:\/\/periodicolarepublica.com\/index.php\/wp-json\/wp\/v2\/comments?post=3063"}],"version-history":[{"count":3,"href":"https:\/\/periodicolarepublica.com\/index.php\/wp-json\/wp\/v2\/posts\/3063\/revisions"}],"predecessor-version":[{"id":3067,"href":"https:\/\/periodicolarepublica.com\/index.php\/wp-json\/wp\/v2\/posts\/3063\/revisions\/3067"}],"wp:featuredmedia":[{"embeddable":true,"href":"https:\/\/periodicolarepublica.com\/index.php\/wp-json\/wp\/v2\/media\/3064"}],"wp:attachment":[{"href":"https:\/\/periodicolarepublica.com\/index.php\/wp-json\/wp\/v2\/media?parent=3063"}],"wp:term":[{"taxonomy":"category","embeddable":true,"href":"https:\/\/periodicolarepublica.com\/index.php\/wp-json\/wp\/v2\/categories?post=3063"},{"taxonomy":"post_tag","embeddable":true,"href":"https:\/\/periodicolarepublica.com\/index.php\/wp-json\/wp\/v2\/tags?post=3063"}],"curies":[{"name":"wp","href":"https:\/\/api.w.org\/{rel}","templated":true}]}}