{"id":3068,"date":"2025-04-21T17:20:51","date_gmt":"2025-04-21T15:20:51","guid":{"rendered":"https:\/\/periodicolarepublica.com\/?p=3068"},"modified":"2025-04-21T17:20:51","modified_gmt":"2025-04-21T15:20:51","slug":"tomas-hernandez-alberto-lamenta-el-fallecimiento-del-papa-francisco","status":"publish","type":"post","link":"https:\/\/periodicolarepublica.com\/index.php\/2025\/04\/21\/tomas-hernandez-alberto-lamenta-el-fallecimiento-del-papa-francisco\/","title":{"rendered":"Tom\u00e1s Hern\u00e1ndez Alberto lamenta el fallecimiento del Papa Francisco"},"content":{"rendered":"<p>Santo Domingo &#8211; Tom\u00e1s Hern\u00e1ndez Alberto expresa su profundo pesar por el fallecimiento del Papa Francisco, quien sirvi\u00f3 durante m\u00e1s de 13 a\u00f1os como l\u00edder espiritual de la Iglesia Cat\u00f3lica. Su dedicaci\u00f3n inquebrantable al amor y la paz ha dejado una huella imborrable en el coraz\u00f3n de millones de personas alrededor del mundo.<\/p>\n<p>El Papa Francisco fue un faro de esperanza y compasi\u00f3n, no solo para los cat\u00f3licos, sino para todos aquellos que buscan un mundo m\u00e1s justo y armonioso. Su mensaje de amor y unidad reson\u00f3 en diversas comunidades, creo que la caracter\u00edstica fundamental<br \/>\ndel Papa Francisco<br \/>\nfue su car\u00e1cter incluyente en las grandes decisiones durante su papado.<\/p>\n<p>\u201cSu partida llena de tristeza no solo a los religiosos, sino a toda la humanidad\u201d, coment\u00f3 Hern\u00e1ndez Alberto. \u201cEl Papa dedic\u00f3 su vida a promover la paz, la justicia social y el cuidado del medio ambiente, valores que son m\u00e1s necesarios que nunca en nuestros d\u00edas\u201d.<\/p>\n<p>Durante su papado, Francisco abord\u00f3 temas cruciales, desde la crisis de los refugiados hasta el cambio clim\u00e1tico, siempre con un enfoque humanitario. Su liderazgo inspir\u00f3 a muchas personas a actuar con empat\u00eda y solidaridad.<\/p>\n<p>La noticia de su fallecimiento ha generado un profundo luto en todo el mundo. L\u00edderes de diversas religiones y comunidades han expresado su condolencia, reconociendo el impacto positivo que tuvo en la vida de millones.<\/p>\n<p>Tom\u00e1s Hern\u00e1ndez Alberto invita a todos a recordar y honrar el legado del Papa Francisco. \u201cQue su ejemplo de amor y servicio nos gu\u00ede en nuestro camino hacia un futuro m\u00e1s pac\u00edfico\u201d, agreg\u00f3.<img loading=\"lazy\" decoding=\"async\" class=\"size-medium wp-image-2926 alignright\" src=\"https:\/\/periodicolarepublica.com\/wp-content\/uploads\/2025\/03\/IMG-20250331-WA0156-266x300.jpg\" alt=\"\" width=\"266\" height=\"300\" srcset=\"https:\/\/periodicolarepublica.com\/wp-content\/uploads\/2025\/03\/IMG-20250331-WA0156-266x300.jpg?v=1743427068 266w, https:\/\/periodicolarepublica.com\/wp-content\/uploads\/2025\/03\/IMG-20250331-WA0156-908x1024.jpg?v=1743427068 908w, https:\/\/periodicolarepublica.com\/wp-content\/uploads\/2025\/03\/IMG-20250331-WA0156-768x866.jpg?v=1743427068 768w, https:\/\/periodicolarepublica.com\/wp-content\/uploads\/2025\/03\/IMG-20250331-WA0156-150x169.jpg?v=1743427068 150w, https:\/\/periodicolarepublica.com\/wp-content\/uploads\/2025\/03\/IMG-20250331-WA0156-300x338.jpg?v=1743427068 300w, https:\/\/periodicolarepublica.com\/wp-content\/uploads\/2025\/03\/IMG-20250331-WA0156-600x676.jpg?v=1743427068 600w, https:\/\/periodicolarepublica.com\/wp-content\/uploads\/2025\/03\/IMG-20250331-WA0156-696x785.jpg?v=1743427068 696w, https:\/\/periodicolarepublica.com\/wp-content\/uploads\/2025\/03\/IMG-20250331-WA0156.jpg?v=1743427068 912w\" sizes=\"auto, (max-width: 266px) 100vw, 266px\" \/><\/p>\n","protected":false},"excerpt":{"rendered":"<p>Santo Domingo &#8211; Tom\u00e1s Hern\u00e1ndez Alberto expresa su profundo pesar por el fallecimiento del Papa Francisco, quien sirvi\u00f3 durante m\u00e1s de 13 a\u00f1os como l\u00edder espiritual de la Iglesia Cat\u00f3lica. Su dedicaci\u00f3n inquebrantable al amor y la paz ha dejado una huella imborrable en el coraz\u00f3n de millones de personas alrededor del mundo. El Papa [&hellip;]<\/p>\n","protected":false},"author":10,"featured_media":2926,"comment_status":"open","ping_status":"open","sticky":false,"template":"","format":"standard","meta":{"om_disable_all_campaigns":false,"_monsterinsights_skip_tracking":false,"_monsterinsights_sitenote_active":false,"_monsterinsights_sitenote_note":"","_monsterinsights_sitenote_category":0,"footnotes":""},"categories":[1],"tags":[163],"class_list":{"0":"post-3068","1":"post","2":"type-post","3":"status-publish","4":"format-standard","5":"has-post-thumbnail","7":"category-nacionales","8":"tag-tomas-hernandez-alberto"},"aioseo_notices":[],"_links":{"self":[{"href":"https:\/\/periodicolarepublica.com\/index.php\/wp-json\/wp\/v2\/posts\/3068","targetHints":{"allow":["GET"]}}],"collection":[{"href":"https:\/\/periodicolarepublica.com\/index.php\/wp-json\/wp\/v2\/posts"}],"about":[{"href":"https:\/\/periodicolarepublica.com\/index.php\/wp-json\/wp\/v2\/types\/post"}],"author":[{"embeddable":true,"href":"https:\/\/periodicolarepublica.com\/index.php\/wp-json\/wp\/v2\/users\/10"}],"replies":[{"embeddable":true,"href":"https:\/\/periodicolarepublica.com\/index.php\/wp-json\/wp\/v2\/comments?post=3068"}],"version-history":[{"count":1,"href":"https:\/\/periodicolarepublica.com\/index.php\/wp-json\/wp\/v2\/posts\/3068\/revisions"}],"predecessor-version":[{"id":3069,"href":"https:\/\/periodicolarepublica.com\/index.php\/wp-json\/wp\/v2\/posts\/3068\/revisions\/3069"}],"wp:featuredmedia":[{"embeddable":true,"href":"https:\/\/periodicolarepublica.com\/index.php\/wp-json\/wp\/v2\/media\/2926"}],"wp:attachment":[{"href":"https:\/\/periodicolarepublica.com\/index.php\/wp-json\/wp\/v2\/media?parent=3068"}],"wp:term":[{"taxonomy":"category","embeddable":true,"href":"https:\/\/periodicolarepublica.com\/index.php\/wp-json\/wp\/v2\/categories?post=3068"},{"taxonomy":"post_tag","embeddable":true,"href":"https:\/\/periodicolarepublica.com\/index.php\/wp-json\/wp\/v2\/tags?post=3068"}],"curies":[{"name":"wp","href":"https:\/\/api.w.org\/{rel}","templated":true}]}}