{"id":3070,"date":"2025-04-21T20:17:25","date_gmt":"2025-04-21T18:17:25","guid":{"rendered":"https:\/\/periodicolarepublica.com\/?p=3070"},"modified":"2025-04-21T20:17:25","modified_gmt":"2025-04-21T18:17:25","slug":"regresa-cabrera-primavera","status":"publish","type":"post","link":"https:\/\/periodicolarepublica.com\/index.php\/2025\/04\/21\/regresa-cabrera-primavera\/","title":{"rendered":"Regresa \u201cCabrera en Primavera\u201d la feria agropecuaria y tur\u00edstica del Nordeste"},"content":{"rendered":"<p>&nbsp;<\/p>\n<p>El encuentro se realizar\u00e1 del 1 al 5 de mayo y reunir\u00e1 a productores locales, emprendedores, representantes del sector hotelero y gastron\u00f3mico, as\u00ed como destacadas personalidades del \u00e1mbito empresarial y gubernamental.<\/p>\n<p>Cabrera, Rep\u00fablica Dominicana.- Cabrera, municipio de la provincia Mar\u00eda Trinidad S\u00e1nchez, se prepara para celebrar la Feria Agropecuaria, Tur\u00edstica y Comercial Cabrera en Primavera, un encuentro que re\u00fane lo mejor del sector productivo, tur\u00edstico y comercial del nordeste, una regi\u00f3n destacada por sus aportes al turismo y al sector agropecuario del pa\u00eds.<\/p>\n<p>Esta feria, que se realizar\u00e1 del 1 al 5 de mayo, es un espacio ideal para el intercambio de negocios ya que contar\u00e1 con la participaci\u00f3n de productores locales, emprendedores, representantes del sector hotelero y gastron\u00f3mico, as\u00ed como de destacadas personalidades del \u00e1mbito empresarial y gubernamental.<\/p>\n<p>Tambi\u00e9n se desarrollar\u00e1n conferencias, paneles y talleres sobre innovaci\u00f3n en el agro, sostenibilidad tur\u00edstica y estrategias comerciales para el crecimiento de las peque\u00f1as y medianas empresas.<\/p>\n<p>Uno de los atractivos principales de esta edici\u00f3n ser\u00e1 la exhibici\u00f3n ganadera, donde se presentar\u00e1n las mejores razas bovinas de la regi\u00f3n, as\u00ed como una amplia muestra de productos agroindustriales que destacan la calidad y el esfuerzo de los productores locales. Tambi\u00e9n se ofrecer\u00e1n espect\u00e1culos art\u00edsticos y actividades recreativas para toda la familia.<\/p>\n<p>Durante cinco d\u00edas, visitantes nacionales e internacionales podr\u00e1n disfrutar de exposiciones agropecuarias, degustaciones gastron\u00f3micas, exhibiciones artesanales, ruedas de negocios y actividades culturales que resaltar\u00e1n la identidad de Cabrera y Mar\u00eda Trinidad S\u00e1nchez, una provincia reconocida por sus atractivos tur\u00edsticos.<\/p>\n<p>Impulso a la regi\u00f3n<\/p>\n<p>Esta feria se ha consolidado como una de las m\u00e1s importantes del nordeste, promoviendo el desarrollo econ\u00f3mico y social de la zona, al tiempo que exhibe el potencial agr\u00edcola, ganadero y comercial del municipio.<\/p>\n<p>Cabrera en Primavera se ha convertido en una plataforma de impulso para los sectores productivos, fortaleciendo el turismo y la econom\u00eda de la regi\u00f3n, y consolid\u00e1ndose como una cita imperdible para quienes buscan conocer el dinamismo y la riqueza de esta zona del pa\u00eds.<\/p>\n<p>La feria es organizada por la alcald\u00eda del municipio con el apoyo de instituciones gubernamentales, empresas privadas y asociaciones locales, garantizando una experiencia enriquecedora y de gran valor para todos los participantes.<\/p>\n<p><img loading=\"lazy\" decoding=\"async\" class=\"alignnone size-medium wp-image-3071\" src=\"https:\/\/periodicolarepublica.com\/wp-content\/uploads\/2025\/04\/IMG-20250421-WA0026-300x200.jpg\" alt=\"\" width=\"300\" height=\"200\" srcset=\"https:\/\/periodicolarepublica.com\/wp-content\/uploads\/2025\/04\/IMG-20250421-WA0026-300x200.jpg?v=1745259323 300w, https:\/\/periodicolarepublica.com\/wp-content\/uploads\/2025\/04\/IMG-20250421-WA0026-1024x682.jpg?v=1745259323 1024w, https:\/\/periodicolarepublica.com\/wp-content\/uploads\/2025\/04\/IMG-20250421-WA0026-768x512.jpg?v=1745259323 768w, https:\/\/periodicolarepublica.com\/wp-content\/uploads\/2025\/04\/IMG-20250421-WA0026-150x100.jpg?v=1745259323 150w, https:\/\/periodicolarepublica.com\/wp-content\/uploads\/2025\/04\/IMG-20250421-WA0026-600x400.jpg?v=1745259323 600w, https:\/\/periodicolarepublica.com\/wp-content\/uploads\/2025\/04\/IMG-20250421-WA0026-696x464.jpg?v=1745259323 696w, https:\/\/periodicolarepublica.com\/wp-content\/uploads\/2025\/04\/IMG-20250421-WA0026-1068x712.jpg?v=1745259323 1068w, https:\/\/periodicolarepublica.com\/wp-content\/uploads\/2025\/04\/IMG-20250421-WA0026.jpg?v=1745259323 1280w\" sizes=\"auto, (max-width: 300px) 100vw, 300px\" \/><\/p>\n","protected":false},"excerpt":{"rendered":"<p>&nbsp; El encuentro se realizar\u00e1 del 1 al 5 de mayo y reunir\u00e1 a productores locales, emprendedores, representantes del sector hotelero y gastron\u00f3mico, as\u00ed como destacadas personalidades del \u00e1mbito empresarial y gubernamental. Cabrera, Rep\u00fablica Dominicana.- Cabrera, municipio de la provincia Mar\u00eda Trinidad S\u00e1nchez, se prepara para celebrar la Feria Agropecuaria, Tur\u00edstica y Comercial Cabrera en [&hellip;]<\/p>\n","protected":false},"author":10,"featured_media":3071,"comment_status":"open","ping_status":"open","sticky":false,"template":"","format":"standard","meta":{"om_disable_all_campaigns":false,"_monsterinsights_skip_tracking":false,"_monsterinsights_sitenote_active":false,"_monsterinsights_sitenote_note":"","_monsterinsights_sitenote_category":0,"footnotes":""},"categories":[1],"tags":[388],"class_list":{"0":"post-3070","1":"post","2":"type-post","3":"status-publish","4":"format-standard","5":"has-post-thumbnail","7":"category-nacionales","8":"tag-cabrera"},"aioseo_notices":[],"_links":{"self":[{"href":"https:\/\/periodicolarepublica.com\/index.php\/wp-json\/wp\/v2\/posts\/3070","targetHints":{"allow":["GET"]}}],"collection":[{"href":"https:\/\/periodicolarepublica.com\/index.php\/wp-json\/wp\/v2\/posts"}],"about":[{"href":"https:\/\/periodicolarepublica.com\/index.php\/wp-json\/wp\/v2\/types\/post"}],"author":[{"embeddable":true,"href":"https:\/\/periodicolarepublica.com\/index.php\/wp-json\/wp\/v2\/users\/10"}],"replies":[{"embeddable":true,"href":"https:\/\/periodicolarepublica.com\/index.php\/wp-json\/wp\/v2\/comments?post=3070"}],"version-history":[{"count":1,"href":"https:\/\/periodicolarepublica.com\/index.php\/wp-json\/wp\/v2\/posts\/3070\/revisions"}],"predecessor-version":[{"id":3072,"href":"https:\/\/periodicolarepublica.com\/index.php\/wp-json\/wp\/v2\/posts\/3070\/revisions\/3072"}],"wp:featuredmedia":[{"embeddable":true,"href":"https:\/\/periodicolarepublica.com\/index.php\/wp-json\/wp\/v2\/media\/3071"}],"wp:attachment":[{"href":"https:\/\/periodicolarepublica.com\/index.php\/wp-json\/wp\/v2\/media?parent=3070"}],"wp:term":[{"taxonomy":"category","embeddable":true,"href":"https:\/\/periodicolarepublica.com\/index.php\/wp-json\/wp\/v2\/categories?post=3070"},{"taxonomy":"post_tag","embeddable":true,"href":"https:\/\/periodicolarepublica.com\/index.php\/wp-json\/wp\/v2\/tags?post=3070"}],"curies":[{"name":"wp","href":"https:\/\/api.w.org\/{rel}","templated":true}]}}