{"id":3078,"date":"2025-04-24T18:23:36","date_gmt":"2025-04-24T16:23:36","guid":{"rendered":"https:\/\/periodicolarepublica.com\/?p=3078"},"modified":"2025-04-24T18:23:36","modified_gmt":"2025-04-24T16:23:36","slug":"asdn-recoge-mas-de-200-mil-toneladas-de-basura-durante-primer-ano-de-gestion-de-betty-geronimo","status":"publish","type":"post","link":"https:\/\/periodicolarepublica.com\/index.php\/2025\/04\/24\/asdn-recoge-mas-de-200-mil-toneladas-de-basura-durante-primer-ano-de-gestion-de-betty-geronimo\/","title":{"rendered":"ASDN recoge m\u00e1s de 200 mil toneladas de basura durante primer a\u00f1o de gesti\u00f3n de Betty Ger\u00f3nimo"},"content":{"rendered":"<p>Recupera espacios p\u00fablicos y exhibe programa \u00abLa Alcald\u00eda en el Barrio<\/p>\n<p>Santo Domingo Norte, R.D.- La Alcald\u00eda de Santo Domingo Norte (ASDN) recogi\u00f3 alrededor de 202 mil toneladas de basura durante los \u00faltimos 12 meses, como parte de su compromiso por mantener un municipio limpio, para el bienestar de sus mun\u00edcipes.<\/p>\n<p>Al rendir cuentas por su primer a\u00f1o de gesti\u00f3n, la alcaldesa Betty Ger\u00f3nimo explic\u00f3 que este logro fue alcanzado gracias a la eliminaci\u00f3n de m\u00e1s de 40 vertederos improvisados, la colocaci\u00f3n de 450 contenedores en los puntos m\u00e1s cr\u00edticos de la demarcaci\u00f3n, as\u00ed como la implementaci\u00f3n de programas de concientizaci\u00f3n ciudadana, a trav\u00e9s de las mascotas Zafaconc\u00edn y Reciclina.<\/p>\n<p>Ger\u00f3nimo se\u00f1al\u00f3 que actualmente, el cabildo se encuentra en proceso de adquisici\u00f3n de dos nuevos camiones compactadores y 20 motobasuras para eficientizar a\u00fan m\u00e1s el servicio de recogida.<\/p>\n<p>\u00abC\u00f3mo Alcald\u00eda estamos cumpliendo con nuestra parte. Ahora, todos tenemos la tarea de preservar este esfuerzo que hemos realizado en conjunto, para que nuestro municipio siga siendo referente de orden y limpieza\u00bb, se\u00f1al\u00f3.<\/p>\n<p>La edil destac\u00f3 el manejo financiero eficiente y transparente que ha realizado su gesti\u00f3n, que enfrent\u00f3 una deuda de m\u00e1s de 200 millones de pesos y sin herramientas operativas y a\u00fan as\u00ed ha logrado salir al flote.<\/p>\n<p>Se\u00f1al\u00f3 la disposici\u00f3n de 100 millones de pesos a ser invertidos en obras en los diferentes sectores, a trav\u00e9s del Presupuesto Participativo, como parte del compromiso con la transparencia, la ciudadana y la inclusi\u00f3n.<\/p>\n<p>Betty Ger\u00f3nimo se\u00f1al\u00f3 que mediante el exitoso programa \u00abLa Alcald\u00eda en el Barrio\u00bb , han logrado impactar de manera positiva a varios sectores y cientos de familias, que presentan mejor\u00eda en su calidad de vida, con apoyo de instituciones del Gobierno y el sector empresarial.<\/p>\n<p>\u00abNuestra visi\u00f3n es clara, construir un legado de una gesti\u00f3n transparente, participativa e innovadora, con hechos hemos demostrado este compromiso\u00bb, afirm\u00f3.<\/p>\n<p>La alcaldesa resalt\u00f3 las alianzas p\u00fablico- privadas para iniciativas como el parque tem\u00e1tico navide\u00f1o \u201cEl Norte Brilla\u201d, que recibi\u00f3 m\u00e1s de 200 mil visitantes, la remodelaci\u00f3n de parques en alianza con el Banreservas, la<br \/>\ngesti\u00f3n de 272 becas t\u00e9cnicas y universitarias junto a entidades como ITLA, INFOTEP y la UASD.<\/p>\n<p>Asimismo, la iluminaci\u00f3n p\u00fablica con la instalaci\u00f3n de 100 postes del tendido el\u00e9ctrico, 350 l\u00e1mparas y 50 transformadores.<\/p>\n<p>Entre los logros durante su primer a\u00f1o de gesti\u00f3n, Ger\u00f3nimo cit\u00f3, tambi\u00e9n, la recuperaci\u00f3n de espacios p\u00fablicos y servicios municipales, como la emblem\u00e1tica parada Mam\u00e1 Ting\u00f3, que se encontraba arrabalizada, la remodelaci\u00f3n de tres funerarias municipales y gratuidad del uso de sus capillas.<\/p>\n<p>Adem\u00e1s, la realizaci\u00f3n de murales en las columnas del Metro, embelleciendo la vista y destacando la cultura del municipio.<\/p>\n<p>La creaci\u00f3n del Galard\u00f3n Municipal de la Mujer, que reconocer\u00e1 anualmente a mujeres destacadas del municipio; los planes de ordenamiento territorial y desarrollo municipal, que definir\u00e1n la hoja de ruta a futuro, la realizaci\u00f3n de un campamento infantil y entrega de \u00fatiles escolares a los ni\u00f1os, son otros de los logros alcanzados por la gesti\u00f3n durante los \u00faltimos 12 meses.<\/p>\n<p>\u00abSepan ustedes, que est\u00e1 administraci\u00f3n est\u00e1 dispuesta a continuar asumiendo todo el sacrificio que sea necesario para defender con valent\u00eda ante cualquier circunstancia , cada iniciativa y cada proyecto que vaya en beneficio de nuestro municipio\u00bb, manifest\u00f3 la edil.<\/p>\n<p>Betty Ger\u00f3nimo, adem\u00e1s, se\u00f1al\u00f3 como proyectos a futuro la construcci\u00f3n del nuevo mercado de Guaricano, ya con terreno donado y en proceso de acondicionamiento y el inicio de la segunda etapa del embellecimiento de las columnas del Metro de Santo Domingo.<img loading=\"lazy\" decoding=\"async\" class=\"size-medium wp-image-3079 alignright\" src=\"https:\/\/periodicolarepublica.com\/wp-content\/uploads\/2025\/04\/IMG_20250424_122121-300x223.jpg\" alt=\"\" width=\"300\" height=\"223\" srcset=\"https:\/\/periodicolarepublica.com\/wp-content\/uploads\/2025\/04\/IMG_20250424_122121-300x223.jpg?v=1745511772 300w, https:\/\/periodicolarepublica.com\/wp-content\/uploads\/2025\/04\/IMG_20250424_122121-768x571.jpg?v=1745511772 768w, https:\/\/periodicolarepublica.com\/wp-content\/uploads\/2025\/04\/IMG_20250424_122121-150x112.jpg?v=1745511772 150w, https:\/\/periodicolarepublica.com\/wp-content\/uploads\/2025\/04\/IMG_20250424_122121-600x446.jpg?v=1745511772 600w, https:\/\/periodicolarepublica.com\/wp-content\/uploads\/2025\/04\/IMG_20250424_122121-485x360.jpg?v=1745511772 485w, https:\/\/periodicolarepublica.com\/wp-content\/uploads\/2025\/04\/IMG_20250424_122121-696x518.jpg?v=1745511772 696w, https:\/\/periodicolarepublica.com\/wp-content\/uploads\/2025\/04\/IMG_20250424_122121-265x198.jpg?v=1745511772 265w, https:\/\/periodicolarepublica.com\/wp-content\/uploads\/2025\/04\/IMG_20250424_122121-530x396.jpg?v=1745511772 530w, https:\/\/periodicolarepublica.com\/wp-content\/uploads\/2025\/04\/IMG_20250424_122121.jpg?v=1745511772 926w\" sizes=\"auto, (max-width: 300px) 100vw, 300px\" \/><\/p>\n","protected":false},"excerpt":{"rendered":"<p>Recupera espacios p\u00fablicos y exhibe programa \u00abLa Alcald\u00eda en el Barrio Santo Domingo Norte, R.D.- La Alcald\u00eda de Santo Domingo Norte (ASDN) recogi\u00f3 alrededor de 202 mil toneladas de basura durante los \u00faltimos 12 meses, como parte de su compromiso por mantener un municipio limpio, para el bienestar de sus mun\u00edcipes. Al rendir cuentas por [&hellip;]<\/p>\n","protected":false},"author":10,"featured_media":3079,"comment_status":"open","ping_status":"open","sticky":false,"template":"","format":"standard","meta":{"om_disable_all_campaigns":false,"_monsterinsights_skip_tracking":false,"_monsterinsights_sitenote_active":false,"_monsterinsights_sitenote_note":"","_monsterinsights_sitenote_category":0,"footnotes":""},"categories":[1],"tags":[390],"class_list":{"0":"post-3078","1":"post","2":"type-post","3":"status-publish","4":"format-standard","5":"has-post-thumbnail","7":"category-nacionales","8":"tag-alcaldia-santo-domingo-norte"},"aioseo_notices":[],"_links":{"self":[{"href":"https:\/\/periodicolarepublica.com\/index.php\/wp-json\/wp\/v2\/posts\/3078","targetHints":{"allow":["GET"]}}],"collection":[{"href":"https:\/\/periodicolarepublica.com\/index.php\/wp-json\/wp\/v2\/posts"}],"about":[{"href":"https:\/\/periodicolarepublica.com\/index.php\/wp-json\/wp\/v2\/types\/post"}],"author":[{"embeddable":true,"href":"https:\/\/periodicolarepublica.com\/index.php\/wp-json\/wp\/v2\/users\/10"}],"replies":[{"embeddable":true,"href":"https:\/\/periodicolarepublica.com\/index.php\/wp-json\/wp\/v2\/comments?post=3078"}],"version-history":[{"count":1,"href":"https:\/\/periodicolarepublica.com\/index.php\/wp-json\/wp\/v2\/posts\/3078\/revisions"}],"predecessor-version":[{"id":3080,"href":"https:\/\/periodicolarepublica.com\/index.php\/wp-json\/wp\/v2\/posts\/3078\/revisions\/3080"}],"wp:featuredmedia":[{"embeddable":true,"href":"https:\/\/periodicolarepublica.com\/index.php\/wp-json\/wp\/v2\/media\/3079"}],"wp:attachment":[{"href":"https:\/\/periodicolarepublica.com\/index.php\/wp-json\/wp\/v2\/media?parent=3078"}],"wp:term":[{"taxonomy":"category","embeddable":true,"href":"https:\/\/periodicolarepublica.com\/index.php\/wp-json\/wp\/v2\/categories?post=3078"},{"taxonomy":"post_tag","embeddable":true,"href":"https:\/\/periodicolarepublica.com\/index.php\/wp-json\/wp\/v2\/tags?post=3078"}],"curies":[{"name":"wp","href":"https:\/\/api.w.org\/{rel}","templated":true}]}}