{"id":3081,"date":"2025-04-25T00:21:51","date_gmt":"2025-04-24T22:21:51","guid":{"rendered":"https:\/\/periodicolarepublica.com\/?p=3081"},"modified":"2025-04-25T00:23:43","modified_gmt":"2025-04-24T22:23:43","slug":"robert-polanco-afirma-alianza-con-gobiernos-locales-fortalece-la-inclusion-social-en-sus-territorios","status":"publish","type":"post","link":"https:\/\/periodicolarepublica.com\/index.php\/2025\/04\/25\/robert-polanco-afirma-alianza-con-gobiernos-locales-fortalece-la-inclusion-social-en-sus-territorios\/","title":{"rendered":"Robert Polanco afirma alianza con gobiernos locales fortalece la inclusi\u00f3n social en sus territorios"},"content":{"rendered":"<p>El funcionario se refiri\u00f3 en esos t\u00e9rminos al conmemorarse hoy, 24 de Abril, el D\u00eda Nacional del los Ayuntamientos<\/p>\n<p>*Bohech\u00edo, San Juan*; 24 de Abril.- El director general de los Proyectos Estrat\u00e9gicos y Especiales de la Presidencia (Propeep), Robert Polanco, afirm\u00f3 este jueves que la alianza con los gobiernos locales representa un pilar fundamental para lograr una verdadera inclusi\u00f3n social en los sectores m\u00e1s vulnerables de sus demarcaciones.<\/p>\n<p>El funcionario ofreci\u00f3 estas declaraciones durante el acto de apertura de una jornada de inclusi\u00f3n social \u201cPrimero T\u00fa\u201d, realizada en el municipio de Bohech\u00edo, provincia San Juan, en el marco de la conmemoraci\u00f3n del D\u00eda Nacional de los Ayuntamientos.<\/p>\n<p>\u201cLa colaboraci\u00f3n y articulaci\u00f3n con las alcald\u00edas nos permite llegar de manera directa y eficiente a quienes m\u00e1s lo necesitan. Este trabajo conjunto fortalece nuestra capacidad de respuesta y garantiza que las pol\u00edticas sociales del Gobierno lleguen a cada rinc\u00f3n del pa\u00eds\u201d, expres\u00f3.<\/p>\n<p>Polanco se\u00f1al\u00f3 que el trabajo conjunto con las alcald\u00edas brinda un conocimiento de primera mano de las problem\u00e1ticas que enfrentan las comunidades, por ser la entidad m\u00e1s cercana a la gente en esas jurisdicciones.<\/p>\n<p>Sostuvo que durante la gesti\u00f3n del presidente Luis Abinader, se ha dado un apoyo hist\u00f3rico a los gobiernos locales, sin distinci\u00f3n de colores partidarios con el objetivo que los alcaldes puedan cumplir con las obras sociales que demandan las comunidades.<\/p>\n<p>Robert Polanco reiter\u00f3 que Propeep continuar\u00e1 fortaleciendo sus v\u00ednculos con los ayuntamientos, promoviendo iniciativas que impacten positivamente la calidad de vida de la poblaci\u00f3n y fomenten un desarrollo integral desde los territorios.<\/p>\n<p>De su lado, el alcalde Domingo Suza\u00f1a, agradeci\u00f3 al presidente Luis Abinader y a Robert Polanco, director Propeep, por traer estos servicios sociales a este municipio Bohechio, \u201cque tanto lo necesita\u201d<\/p>\n<p>Durante la jornada, cientos de mun\u00edcipes de Bohech\u00edo y comunidades aleda\u00f1as accedieron a servicios m\u00e9dicos, orientaci\u00f3n legal para el registro de nacimiento tard\u00edo, inscripci\u00f3n en programas sociales, entrega de ayudas y raciones alimenticias, entre otros beneficios, como parte del compromiso del Gobierno dominicano con la equidad y la justicia social.<\/p>\n<p>*Recorrido por los stands de servicios*<\/p>\n<p>El director de Propeep realiz\u00f3 un recorrido de supervisi\u00f3n de los servicios acompa\u00f1ando del alcalde de Bohech\u00edo, Domingo Suza\u00f1a; de la gobernadora Civil Provincial, Ana Mar\u00eda Castillo; el director de la Hidroel\u00e9ctrica de Palomino, Quilvio Batista; los integrantes de sala capitular; la subdirectora de Propeep, Yenni Chaljub y el coordinador provincial de la instituci\u00f3n Fanuel Castillo entre otros.<\/p>\n<p>*Servicios ofrecidos*<\/p>\n<p>En la jornada realizada en el centro educativo Eduardo Beltr\u00e9 Luciano, del municipio Bohechio, participaron m\u00e1s de 15 instituciones gubernamentales que ofrecen servicios de odontolog\u00eda, salud, registro para adquirir la pensi\u00f3n solidaria, el seguro m\u00e9dico Senasa y la tarjeta Sup\u00e9rate, Conadis, Infotep, Promipyme, el Consejo Nacional de Drogas, entre otras. <img loading=\"lazy\" decoding=\"async\" class=\"alignnone size-medium wp-image-3082\" src=\"https:\/\/periodicolarepublica.com\/wp-content\/uploads\/2025\/04\/IMG-20250424-WA0016-300x200.jpg\" alt=\"\" width=\"300\" height=\"200\" \/><\/p>\n<p>*Direcci\u00f3n de Comunicaciones Propeep*<\/p>\n<p>24 de Abril 2025<\/p>\n","protected":false},"excerpt":{"rendered":"<p>El funcionario se refiri\u00f3 en esos t\u00e9rminos al conmemorarse hoy, 24 de Abril, el D\u00eda Nacional del los Ayuntamientos *Bohech\u00edo, San Juan*; 24 de Abril.- El director general de los Proyectos Estrat\u00e9gicos y Especiales de la Presidencia (Propeep), Robert Polanco, afirm\u00f3 este jueves que la alianza con los gobiernos locales representa un pilar fundamental para [&hellip;]<\/p>\n","protected":false},"author":6,"featured_media":3082,"comment_status":"open","ping_status":"open","sticky":false,"template":"","format":"standard","meta":{"om_disable_all_campaigns":false,"_monsterinsights_skip_tracking":false,"_monsterinsights_sitenote_active":false,"_monsterinsights_sitenote_note":"","_monsterinsights_sitenote_category":0,"footnotes":""},"categories":[1],"tags":[],"class_list":{"0":"post-3081","1":"post","2":"type-post","3":"status-publish","4":"format-standard","5":"has-post-thumbnail","7":"category-nacionales"},"aioseo_notices":[],"_links":{"self":[{"href":"https:\/\/periodicolarepublica.com\/index.php\/wp-json\/wp\/v2\/posts\/3081","targetHints":{"allow":["GET"]}}],"collection":[{"href":"https:\/\/periodicolarepublica.com\/index.php\/wp-json\/wp\/v2\/posts"}],"about":[{"href":"https:\/\/periodicolarepublica.com\/index.php\/wp-json\/wp\/v2\/types\/post"}],"author":[{"embeddable":true,"href":"https:\/\/periodicolarepublica.com\/index.php\/wp-json\/wp\/v2\/users\/6"}],"replies":[{"embeddable":true,"href":"https:\/\/periodicolarepublica.com\/index.php\/wp-json\/wp\/v2\/comments?post=3081"}],"version-history":[{"count":3,"href":"https:\/\/periodicolarepublica.com\/index.php\/wp-json\/wp\/v2\/posts\/3081\/revisions"}],"predecessor-version":[{"id":3085,"href":"https:\/\/periodicolarepublica.com\/index.php\/wp-json\/wp\/v2\/posts\/3081\/revisions\/3085"}],"wp:featuredmedia":[{"embeddable":true,"href":"https:\/\/periodicolarepublica.com\/index.php\/wp-json\/wp\/v2\/media\/3082"}],"wp:attachment":[{"href":"https:\/\/periodicolarepublica.com\/index.php\/wp-json\/wp\/v2\/media?parent=3081"}],"wp:term":[{"taxonomy":"category","embeddable":true,"href":"https:\/\/periodicolarepublica.com\/index.php\/wp-json\/wp\/v2\/categories?post=3081"},{"taxonomy":"post_tag","embeddable":true,"href":"https:\/\/periodicolarepublica.com\/index.php\/wp-json\/wp\/v2\/tags?post=3081"}],"curies":[{"name":"wp","href":"https:\/\/api.w.org\/{rel}","templated":true}]}}