{"id":3089,"date":"2025-04-25T01:03:57","date_gmt":"2025-04-24T23:03:57","guid":{"rendered":"https:\/\/periodicolarepublica.com\/?p=3089"},"modified":"2025-04-25T01:04:35","modified_gmt":"2025-04-24T23:04:35","slug":"grupo-popular-celebra-asamblea-de-accionistas","status":"publish","type":"post","link":"https:\/\/periodicolarepublica.com\/index.php\/2025\/04\/25\/grupo-popular-celebra-asamblea-de-accionistas\/","title":{"rendered":"Grupo Popular celebra asamblea de accionistas"},"content":{"rendered":"<p>Primer grupo de capital privado en superar el bill\u00f3n en activos<\/p>\n<p>Santo Domingo, D.N. \u2013 El Grupo Popular celebr\u00f3 su Asamblea General Ordinaria Anual de Accionistas, presidida por el se\u00f1or Manuel A. Grull\u00f3n, en la cual se inform\u00f3 sobre el excelente desempe\u00f1o obtenido por sus empresas filiales durante el pasado a\u00f1o, reafirmando su compromiso con el desarrollo econ\u00f3mico, social y medioambiental del pa\u00eds, y posicion\u00e1ndose como un motor clave en la transformaci\u00f3n del ecosistema econ\u00f3mico y financiero nacional<\/p>\n<p>Resultados financieros<\/p>\n<p>Durante el encuentro, se present\u00f3 el Informe del Consejo de Administraci\u00f3n, a cargo del presidente ejecutivo del Grupo Popular, se\u00f1or Ren\u00e9 Grull\u00f3n Finet, en el cual destac\u00f3 que, al cierre de 2024, los activos totales consolidados del Grupo Popular alcanzaron RD$1,002,513 millones, un crecimiento de 13% respecto al a\u00f1o anterior, siendo el primer grupo empresarial y financiero de capital privado en superar el bill\u00f3n de pesos en activos en la Rep\u00fablica Dominicana.<\/p>\n<p>La cartera de pr\u00e9stamos neta consolidada se elev\u00f3 a RD$604,082 millones con un aumento porcentual de 12%. Mientras los dep\u00f3sitos totales consolidados ascendieron a RD$702,595 millones, reflejando un incremento de 15%.<\/p>\n<p>El Grupo Popular present\u00f3 utilidades brutas consolidadas por RD$41,642 millones, que resultaron en utilidades netas consolidadas de RD$31,264 millones, tras el pago de RD$10,378 millones por concepto de Impuesto sobre la Renta.<\/p>\n<p>Por su parte, los fondos patrimoniales que respaldan las operaciones del Grupo Popular se ubicaron en RD$181,728 millones, tras un crecimiento de RD$26,623 millones.<\/p>\n<p><img loading=\"lazy\" decoding=\"async\" class=\"alignnone size-medium wp-image-3090\" src=\"https:\/\/periodicolarepublica.com\/wp-content\/uploads\/2025\/04\/bpd250x250-300x158.jpg\" alt=\"\" width=\"300\" height=\"158\" srcset=\"https:\/\/periodicolarepublica.com\/wp-content\/uploads\/2025\/04\/bpd250x250-300x158.jpg 300w, https:\/\/periodicolarepublica.com\/wp-content\/uploads\/2025\/04\/bpd250x250-1024x538.jpg 1024w, https:\/\/periodicolarepublica.com\/wp-content\/uploads\/2025\/04\/bpd250x250-768x403.jpg 768w, https:\/\/periodicolarepublica.com\/wp-content\/uploads\/2025\/04\/bpd250x250-150x79.jpg 150w, https:\/\/periodicolarepublica.com\/wp-content\/uploads\/2025\/04\/bpd250x250-600x315.jpg 600w, https:\/\/periodicolarepublica.com\/wp-content\/uploads\/2025\/04\/bpd250x250-696x365.jpg 696w, https:\/\/periodicolarepublica.com\/wp-content\/uploads\/2025\/04\/bpd250x250-1068x561.jpg 1068w, https:\/\/periodicolarepublica.com\/wp-content\/uploads\/2025\/04\/bpd250x250.jpg 1200w\" sizes=\"auto, (max-width: 300px) 100vw, 300px\" \/><\/p>\n","protected":false},"excerpt":{"rendered":"<p>Primer grupo de capital privado en superar el bill\u00f3n en activos Santo Domingo, D.N. \u2013 El Grupo Popular celebr\u00f3 su Asamblea General Ordinaria Anual de Accionistas, presidida por el se\u00f1or Manuel A. Grull\u00f3n, en la cual se inform\u00f3 sobre el excelente desempe\u00f1o obtenido por sus empresas filiales durante el pasado a\u00f1o, reafirmando su compromiso con [&hellip;]<\/p>\n","protected":false},"author":6,"featured_media":3090,"comment_status":"open","ping_status":"open","sticky":false,"template":"","format":"standard","meta":{"om_disable_all_campaigns":false,"_monsterinsights_skip_tracking":false,"_monsterinsights_sitenote_active":false,"_monsterinsights_sitenote_note":"","_monsterinsights_sitenote_category":0,"footnotes":""},"categories":[33,1],"tags":[],"class_list":{"0":"post-3089","1":"post","2":"type-post","3":"status-publish","4":"format-standard","5":"has-post-thumbnail","7":"category-canal-financiero","8":"category-nacionales"},"aioseo_notices":[],"_links":{"self":[{"href":"https:\/\/periodicolarepublica.com\/index.php\/wp-json\/wp\/v2\/posts\/3089","targetHints":{"allow":["GET"]}}],"collection":[{"href":"https:\/\/periodicolarepublica.com\/index.php\/wp-json\/wp\/v2\/posts"}],"about":[{"href":"https:\/\/periodicolarepublica.com\/index.php\/wp-json\/wp\/v2\/types\/post"}],"author":[{"embeddable":true,"href":"https:\/\/periodicolarepublica.com\/index.php\/wp-json\/wp\/v2\/users\/6"}],"replies":[{"embeddable":true,"href":"https:\/\/periodicolarepublica.com\/index.php\/wp-json\/wp\/v2\/comments?post=3089"}],"version-history":[{"count":1,"href":"https:\/\/periodicolarepublica.com\/index.php\/wp-json\/wp\/v2\/posts\/3089\/revisions"}],"predecessor-version":[{"id":3091,"href":"https:\/\/periodicolarepublica.com\/index.php\/wp-json\/wp\/v2\/posts\/3089\/revisions\/3091"}],"wp:featuredmedia":[{"embeddable":true,"href":"https:\/\/periodicolarepublica.com\/index.php\/wp-json\/wp\/v2\/media\/3090"}],"wp:attachment":[{"href":"https:\/\/periodicolarepublica.com\/index.php\/wp-json\/wp\/v2\/media?parent=3089"}],"wp:term":[{"taxonomy":"category","embeddable":true,"href":"https:\/\/periodicolarepublica.com\/index.php\/wp-json\/wp\/v2\/categories?post=3089"},{"taxonomy":"post_tag","embeddable":true,"href":"https:\/\/periodicolarepublica.com\/index.php\/wp-json\/wp\/v2\/tags?post=3089"}],"curies":[{"name":"wp","href":"https:\/\/api.w.org\/{rel}","templated":true}]}}