{"id":3092,"date":"2025-04-25T01:15:18","date_gmt":"2025-04-24T23:15:18","guid":{"rendered":"https:\/\/periodicolarepublica.com\/?p=3092"},"modified":"2025-04-25T01:15:18","modified_gmt":"2025-04-24T23:15:18","slug":"orchid-transforma-los-articulos-promocionales-en-experiencias-de-marca","status":"publish","type":"post","link":"https:\/\/periodicolarepublica.com\/index.php\/2025\/04\/25\/orchid-transforma-los-articulos-promocionales-en-experiencias-de-marca\/","title":{"rendered":"ORCHID transforma los art\u00edculos promocionales en experiencias de marca"},"content":{"rendered":"<p>&nbsp;<\/p>\n<p>Liderada por el joven empresario Sim\u00f3n Cepeda, la marca se ha consolidado como referente de lujo y personalizaci\u00f3n premium, ofreciendo soluciones que elevan la identidad de cada empresa m\u00e1s all\u00e1 de lo convencional.<\/p>\n<p>Santo Domingo.- Con una visi\u00f3n centrada en la excelencia, la innovaci\u00f3n y la personalizaci\u00f3n premium, la firma ORCHID se posiciona como l\u00edder en el mercado de art\u00edculos promocionales de alta gama en Rep\u00fablica Dominicana, ofreciendo soluciones estrat\u00e9gicas que elevan la identidad de marca de sus clientes, adapt\u00e1ndose a cualquier presupuesto.<\/p>\n<p>Bajo la direcci\u00f3n de Sim\u00f3n Cepeda, gerente general de la firma, ORCHID ha logrado transformar la percepci\u00f3n de los art\u00edculos promocionales, llev\u00e1ndolos m\u00e1s all\u00e1 del simple obsequio corporativo para convertirlos en piezas \u00fanicas que cuentan historias, reflejan valores y fortalecen la conexi\u00f3n emocional entre las marcas y sus p\u00fablicos.<\/p>\n<p><img loading=\"lazy\" decoding=\"async\" class=\"alignnone size-medium wp-image-3093\" src=\"https:\/\/periodicolarepublica.com\/wp-content\/uploads\/2025\/04\/Articulo-promocional-1-300x200.jpg\" alt=\"\" width=\"300\" height=\"200\" srcset=\"https:\/\/periodicolarepublica.com\/wp-content\/uploads\/2025\/04\/Articulo-promocional-1-300x200.jpg?v=1745536153 300w, https:\/\/periodicolarepublica.com\/wp-content\/uploads\/2025\/04\/Articulo-promocional-1-1024x683.jpg?v=1745536153 1024w, https:\/\/periodicolarepublica.com\/wp-content\/uploads\/2025\/04\/Articulo-promocional-1-768x512.jpg?v=1745536153 768w, https:\/\/periodicolarepublica.com\/wp-content\/uploads\/2025\/04\/Articulo-promocional-1-1536x1024.jpg?v=1745536153 1536w, https:\/\/periodicolarepublica.com\/wp-content\/uploads\/2025\/04\/Articulo-promocional-1-2048x1365.jpg?v=1745536153 2048w, https:\/\/periodicolarepublica.com\/wp-content\/uploads\/2025\/04\/Articulo-promocional-1-150x100.jpg?v=1745536153 150w, https:\/\/periodicolarepublica.com\/wp-content\/uploads\/2025\/04\/Articulo-promocional-1-600x400.jpg?v=1745536153 600w, https:\/\/periodicolarepublica.com\/wp-content\/uploads\/2025\/04\/Articulo-promocional-1-696x464.jpg?v=1745536153 696w, https:\/\/periodicolarepublica.com\/wp-content\/uploads\/2025\/04\/Articulo-promocional-1-1392x928.jpg?v=1745536153 1392w, https:\/\/periodicolarepublica.com\/wp-content\/uploads\/2025\/04\/Articulo-promocional-1-1068x712.jpg?v=1745536153 1068w, https:\/\/periodicolarepublica.com\/wp-content\/uploads\/2025\/04\/Articulo-promocional-1-1920x1280.jpg?v=1745536153 1920w\" sizes=\"auto, (max-width: 300px) 100vw, 300px\" \/><\/p>\n","protected":false},"excerpt":{"rendered":"<p>&nbsp; Liderada por el joven empresario Sim\u00f3n Cepeda, la marca se ha consolidado como referente de lujo y personalizaci\u00f3n premium, ofreciendo soluciones que elevan la identidad de cada empresa m\u00e1s all\u00e1 de lo convencional. Santo Domingo.- Con una visi\u00f3n centrada en la excelencia, la innovaci\u00f3n y la personalizaci\u00f3n premium, la firma ORCHID se posiciona como [&hellip;]<\/p>\n","protected":false},"author":6,"featured_media":3093,"comment_status":"open","ping_status":"open","sticky":false,"template":"","format":"standard","meta":{"om_disable_all_campaigns":false,"_monsterinsights_skip_tracking":false,"_monsterinsights_sitenote_active":false,"_monsterinsights_sitenote_note":"","_monsterinsights_sitenote_category":0,"footnotes":""},"categories":[1],"tags":[],"class_list":{"0":"post-3092","1":"post","2":"type-post","3":"status-publish","4":"format-standard","5":"has-post-thumbnail","7":"category-nacionales"},"aioseo_notices":[],"_links":{"self":[{"href":"https:\/\/periodicolarepublica.com\/index.php\/wp-json\/wp\/v2\/posts\/3092","targetHints":{"allow":["GET"]}}],"collection":[{"href":"https:\/\/periodicolarepublica.com\/index.php\/wp-json\/wp\/v2\/posts"}],"about":[{"href":"https:\/\/periodicolarepublica.com\/index.php\/wp-json\/wp\/v2\/types\/post"}],"author":[{"embeddable":true,"href":"https:\/\/periodicolarepublica.com\/index.php\/wp-json\/wp\/v2\/users\/6"}],"replies":[{"embeddable":true,"href":"https:\/\/periodicolarepublica.com\/index.php\/wp-json\/wp\/v2\/comments?post=3092"}],"version-history":[{"count":2,"href":"https:\/\/periodicolarepublica.com\/index.php\/wp-json\/wp\/v2\/posts\/3092\/revisions"}],"predecessor-version":[{"id":3095,"href":"https:\/\/periodicolarepublica.com\/index.php\/wp-json\/wp\/v2\/posts\/3092\/revisions\/3095"}],"wp:featuredmedia":[{"embeddable":true,"href":"https:\/\/periodicolarepublica.com\/index.php\/wp-json\/wp\/v2\/media\/3093"}],"wp:attachment":[{"href":"https:\/\/periodicolarepublica.com\/index.php\/wp-json\/wp\/v2\/media?parent=3092"}],"wp:term":[{"taxonomy":"category","embeddable":true,"href":"https:\/\/periodicolarepublica.com\/index.php\/wp-json\/wp\/v2\/categories?post=3092"},{"taxonomy":"post_tag","embeddable":true,"href":"https:\/\/periodicolarepublica.com\/index.php\/wp-json\/wp\/v2\/tags?post=3092"}],"curies":[{"name":"wp","href":"https:\/\/api.w.org\/{rel}","templated":true}]}}