{"id":3097,"date":"2025-04-25T01:26:06","date_gmt":"2025-04-24T23:26:06","guid":{"rendered":"https:\/\/periodicolarepublica.com\/?p=3097"},"modified":"2025-04-25T01:26:06","modified_gmt":"2025-04-24T23:26:06","slug":"carolina-mejia-exhibe-logros-durante-su-quinta-rendicion-de-cuentas","status":"publish","type":"post","link":"https:\/\/periodicolarepublica.com\/index.php\/2025\/04\/25\/carolina-mejia-exhibe-logros-durante-su-quinta-rendicion-de-cuentas\/","title":{"rendered":"Carolina Mej\u00eda exhibe logros durante su quinta rendici\u00f3n de cuentas"},"content":{"rendered":"<p>El acto estuvo marcado por la solidaridad manifestada para las v\u00edctimas de Jet Set y sus familiares<\/p>\n<p>Santo Domingo, DN &#8211; En medio de muestras de solidaridad por las v\u00edctimas de la tragedia ocurrida en Jet Set y agradecimiento a los rescatistas que all\u00ed actuaron, la alcaldesa Carolina Mej\u00eda realiz\u00f3 su quinta rendici\u00f3n de cuentas, exhibiendo los logros de su gesti\u00f3n en el \u00faltimo a\u00f1o y las obras futuras para seguir transformando a Santo Domingo.<\/p>\n<p>Durante el acto llevado a cabo en la sala de sesiones Emilio Rodr\u00edguez Demorizi del Concejo de Regidores, la rendici\u00f3n de cuentas estuvo marcada por un minuto de silencio por los fallecidos en el desplome del techo de Jet Set, incluyendo a los colaboradores de la alcald\u00eda Christian Tejeda y Bianka Reyes.<\/p>\n<p>\u201cEn medio de tanto dolor, con este profundo pesar en el alma, quiero resaltar que demostramos ser un pueblo sensible, unido y generoso\u201d, indic\u00f3, al agradecer a los rescatistas que desafiaron al peligro para salvar vidas en el referido centro de diversi\u00f3n.<\/p>\n<p>Carolina Mej\u00eda afirm\u00f3 que los logros en su gesti\u00f3n tienen como base una administraci\u00f3n organizada en las finanzas y actualizada en el an\u00e1lisis de informaci\u00f3n. Explic\u00f3 que se liquid\u00f3 la deuda corriente del municipio y se aumentaron por quinto a\u00f1o consecutivo las recaudaciones por concepto de recogida de desechos.<\/p>\n<p>\u201cDemostrando as\u00ed que los mun\u00edcipes son rec\u00edprocos cuando se ven atendidos, nuevamente este a\u00f1o somos referidos como Municipio ejemplo en manejo interno seg\u00fan los organismos de control\u201d, argument\u00f3.<\/p>\n<p>Mej\u00eda record\u00f3 que hace un a\u00f1o, cuando inici\u00f3 su segundo mandato al frente de la ciudad, propuso a los mun\u00edcipes una ciudad m\u00e1s organizada, una ciudad m\u00e1s humana y una ciudad para al futuro.<\/p>\n<p>En ese sentido, al hacer referencia a los esfuerzos desarrollados por incrementar la organizaci\u00f3n en Santo Domingo, Carolina Mej\u00eda apunt\u00f3 la implementaci\u00f3n del programa Sectores Iluminados M\u00e1s Seguros, a trav\u00e9s del cual se est\u00e1n instalando 10,000 l\u00e1mparas led y 200 c\u00e1maras de videovigilancia.<\/p>\n<p>\u201cNuestra ciudad cada a\u00f1o recupera espacios p\u00fablicos con el programa Parques Para Todos, lugares que estaban abandonados, antiguos vertederos, ahora se convierten en espacios para el disfrute de la gente\u201d, dijo sobre los 27 espacios que fueron entregados en el \u00faltimo a\u00f1o.<\/p>\n<p>La alcaldesa del Distrito Nacional destac\u00f3 que como parte del trabajo para un Santo Domingo m\u00e1s humano, ha continuado trabajando para su gente gracias al impacto que ha tenido Centro Futuro, una instituci\u00f3n educativa inaugurada el a\u00f1o pasado que ofrece capacitaci\u00f3n t\u00e9cnico-profesional gratuita en Cristo Rey. Manifest\u00f3 que junto a Futuro de Esperanza en Villas Agr\u00edcolas, Centro Futuro gradu\u00f3 a los primeros 489 t\u00e9cnicos y en lista de espera para ingresar est\u00e1n 300 nuevos alumnos.<\/p>\n<p>\u201cUno de los anhelos que sentimos m\u00e1s valiosos para nuestra gente es despedir de manera digna a sus seres queridos y en consonancia con ese sentimiento hemos ido mejorando la infraestructura y el servicio que ofrecemos en nuestras funerarias. Ampliamos esta oferta con la incorporaci\u00f3n del servicio de la funeraria de Villa Juana, tan esperado por los mun\u00edcipes del sector, de igual manera estamos evaluando nuevas aperturas en otros barrios\u201d, a\u00f1adi\u00f3.<\/p>\n<p>La ejecutiva municipal habl\u00f3 sobre la capital como una ciudad del futuro. En ese sentido, enfatiz\u00f3 en agradecer al Gobierno central por la presentaci\u00f3n conjunta del Programa Integral de Santo Domingo (PISD), una ambiciosa estructura de gesti\u00f3n y coordinaci\u00f3n interinstitucional efectiva que busca eficientizar el uso de los recursos en un orden l\u00f3gico y que prioriza el malec\u00f3n del Gran Santo Domingo, destacando las obras que formar\u00e1n parte del Paseo 30 de Mayo y del Malec\u00f3n Deportivo.<\/p>\n<p>\u201cAvanzamos en la implementaci\u00f3n del PISD a trav\u00e9s de la conformaci\u00f3n de la mesa t\u00e9cnica de trabajo, emisi\u00f3n del Decreto Ejecutivo n\u00famero 142-25 del 17 de marzo para su funcionamiento y ejes de intervenci\u00f3n claros\u201d, inform\u00f3.<\/p>\n<p>Se\u00f1al\u00f3 que gracias a la gesti\u00f3n de la alcald\u00eda, los aliados del sector privado y los ciudadanos, se siguieron dando pasos firmes para el cuidado del medioambiente con la celebraci\u00f3n de Pl\u00e1sticos por Juguetes y Pl\u00e1sticos por Escolares, donde se recolectaron 3.7 y 7.2 millones de botellas pl\u00e1sticas, respectivamente. \u201cEntre los dos programas evitamos la contaminaci\u00f3n en nuestras ca\u00f1adas, nuestros r\u00edos y el mar Caribe\u201d.<\/p>\n<p>Mej\u00eda anunci\u00f3 tambi\u00e9n la creaci\u00f3n de una estrategia y un comit\u00e9 de manejo de datos, para la toma de decisiones de pol\u00edtica p\u00fablica, basada en levantamiento y actualizaci\u00f3n de datos de la ciudad.<\/p>\n<p>\u201cAmor por Santo Domingo es como un verbo que conjugamos en plural\u201d, enfatiz\u00f3 Carolina Mej\u00eda.<img loading=\"lazy\" decoding=\"async\" class=\"alignnone size-medium wp-image-3098\" src=\"https:\/\/periodicolarepublica.com\/wp-content\/uploads\/2025\/04\/IMG-20250424-WA0035-300x228.jpg\" alt=\"\" width=\"300\" height=\"228\" srcset=\"https:\/\/periodicolarepublica.com\/wp-content\/uploads\/2025\/04\/IMG-20250424-WA0035-300x228.jpg?v=1745537066 300w, https:\/\/periodicolarepublica.com\/wp-content\/uploads\/2025\/04\/IMG-20250424-WA0035-1024x777.jpg?v=1745537066 1024w, https:\/\/periodicolarepublica.com\/wp-content\/uploads\/2025\/04\/IMG-20250424-WA0035-768x583.jpg?v=1745537066 768w, https:\/\/periodicolarepublica.com\/wp-content\/uploads\/2025\/04\/IMG-20250424-WA0035-150x114.jpg?v=1745537066 150w, https:\/\/periodicolarepublica.com\/wp-content\/uploads\/2025\/04\/IMG-20250424-WA0035-600x455.jpg?v=1745537066 600w, https:\/\/periodicolarepublica.com\/wp-content\/uploads\/2025\/04\/IMG-20250424-WA0035-696x528.jpg?v=1745537066 696w, https:\/\/periodicolarepublica.com\/wp-content\/uploads\/2025\/04\/IMG-20250424-WA0035-1068x810.jpg?v=1745537066 1068w, https:\/\/periodicolarepublica.com\/wp-content\/uploads\/2025\/04\/IMG-20250424-WA0035.jpg?v=1745537066 1280w\" sizes=\"auto, (max-width: 300px) 100vw, 300px\" \/><\/p>\n<p>Al cierre del acto, la alcaldesa tambi\u00e9n agradeci\u00f3 a Dios por su infinita misericordia, a su familia por el gran soporte, al trabajo con pasi\u00f3n de los colaboradores de la alcald\u00eda, as\u00ed como a las juntas de vecinos y empresas aliadas.<\/p>\n","protected":false},"excerpt":{"rendered":"<p>El acto estuvo marcado por la solidaridad manifestada para las v\u00edctimas de Jet Set y sus familiares Santo Domingo, DN &#8211; En medio de muestras de solidaridad por las v\u00edctimas de la tragedia ocurrida en Jet Set y agradecimiento a los rescatistas que all\u00ed actuaron, la alcaldesa Carolina Mej\u00eda realiz\u00f3 su quinta rendici\u00f3n de cuentas, [&hellip;]<\/p>\n","protected":false},"author":6,"featured_media":3098,"comment_status":"open","ping_status":"open","sticky":false,"template":"","format":"standard","meta":{"om_disable_all_campaigns":false,"_monsterinsights_skip_tracking":false,"_monsterinsights_sitenote_active":false,"_monsterinsights_sitenote_note":"","_monsterinsights_sitenote_category":0,"footnotes":""},"categories":[1],"tags":[392],"class_list":{"0":"post-3097","1":"post","2":"type-post","3":"status-publish","4":"format-standard","5":"has-post-thumbnail","7":"category-nacionales","8":"tag-carolina-mejia-gomez"},"aioseo_notices":[],"_links":{"self":[{"href":"https:\/\/periodicolarepublica.com\/index.php\/wp-json\/wp\/v2\/posts\/3097","targetHints":{"allow":["GET"]}}],"collection":[{"href":"https:\/\/periodicolarepublica.com\/index.php\/wp-json\/wp\/v2\/posts"}],"about":[{"href":"https:\/\/periodicolarepublica.com\/index.php\/wp-json\/wp\/v2\/types\/post"}],"author":[{"embeddable":true,"href":"https:\/\/periodicolarepublica.com\/index.php\/wp-json\/wp\/v2\/users\/6"}],"replies":[{"embeddable":true,"href":"https:\/\/periodicolarepublica.com\/index.php\/wp-json\/wp\/v2\/comments?post=3097"}],"version-history":[{"count":1,"href":"https:\/\/periodicolarepublica.com\/index.php\/wp-json\/wp\/v2\/posts\/3097\/revisions"}],"predecessor-version":[{"id":3099,"href":"https:\/\/periodicolarepublica.com\/index.php\/wp-json\/wp\/v2\/posts\/3097\/revisions\/3099"}],"wp:featuredmedia":[{"embeddable":true,"href":"https:\/\/periodicolarepublica.com\/index.php\/wp-json\/wp\/v2\/media\/3098"}],"wp:attachment":[{"href":"https:\/\/periodicolarepublica.com\/index.php\/wp-json\/wp\/v2\/media?parent=3097"}],"wp:term":[{"taxonomy":"category","embeddable":true,"href":"https:\/\/periodicolarepublica.com\/index.php\/wp-json\/wp\/v2\/categories?post=3097"},{"taxonomy":"post_tag","embeddable":true,"href":"https:\/\/periodicolarepublica.com\/index.php\/wp-json\/wp\/v2\/tags?post=3097"}],"curies":[{"name":"wp","href":"https:\/\/api.w.org\/{rel}","templated":true}]}}