{"id":3103,"date":"2025-04-25T07:30:26","date_gmt":"2025-04-25T05:30:26","guid":{"rendered":"https:\/\/periodicolarepublica.com\/?p=3103"},"modified":"2025-04-25T07:30:26","modified_gmt":"2025-04-25T05:30:26","slug":"presidente-de-la-junta-de-aviacion-civil-consolida-ican-2025-con-firma-de-acuerdo-y-reuniones-bilaterales-con-autoridades-de-la-oaci","status":"publish","type":"post","link":"https:\/\/periodicolarepublica.com\/index.php\/2025\/04\/25\/presidente-de-la-junta-de-aviacion-civil-consolida-ican-2025-con-firma-de-acuerdo-y-reuniones-bilaterales-con-autoridades-de-la-oaci\/","title":{"rendered":"Presidente de la Junta de Aviaci\u00f3n Civil consolida ICAN 2025 con firma de acuerdo y reuniones bilaterales con autoridades de la OACI"},"content":{"rendered":"<p>Doha, Catar. &#8211; El presidente de la Junta de Aviaci\u00f3n Civil (JAC), H\u00e9ctor Porcella, sostuvo una reuni\u00f3n bilateral clave con las m\u00e1ximas autoridades de la Organizaci\u00f3n de Aviaci\u00f3n Civil Internacional (OACI) durante la Conferencia de Facilitaci\u00f3n FALC 2025, celebrada en Doha, Catar.<\/p>\n<p>En el encuentro, que tuvo lugar en las salas de reuniones del Sheraton Grand Doha Resort &amp; Convention Hotel, participaron adem\u00e1s el presidente del Consejo de la OACI, Salvatore Sciacchitano; el secretario general, Juan Carlos Salazar; el director Regional de la Oficina NACC, Christopher Barks; y la secretaria general de la JAC, Bernarda Franco.<\/p>\n<p>Tanto el presidente del Consejo como el secretario general de la OACI elogiaron el liderazgo de la\u00a0Junta de Aviaci\u00f3n Civil, reconociendo la capacidad organizativa, la visi\u00f3n estrat\u00e9gica y las iniciativas impulsadas bajo la gesti\u00f3n del\u00a0presidente de la JAC, H\u00e9ctor Porcella, quien ha asumido con firmeza el rol de jefe encargado de fortalecer la aviaci\u00f3n civil del pa\u00eds y su integraci\u00f3n regional.<\/p>\n<p>Durante la reuni\u00f3n se abordaron temas estrat\u00e9gicos de alto impacto para la aviaci\u00f3n dominicana incluyendo su posici\u00f3n de liderazgo regional. Entre los puntos destacados estuvo la firma oficial del Memorando de Entendimiento para la organizaci\u00f3n de\u00a0ICAN 2025, evento insignia de negociaci\u00f3n de acuerdos a\u00e9reos multilaterales, que tendr\u00e1 lugar en territorio dominicano.<\/p>\n<p>Comprometida con el fortalecimiento de la aviaci\u00f3n regional, la JAC propuso durante los preparativos para ICAN 2025 la realizaci\u00f3n de una reuni\u00f3n bilateral con los Estados Miembros de la regi\u00f3n NACC.<\/p>\n<p><img loading=\"lazy\" decoding=\"async\" class=\"alignnone size-medium wp-image-3104\" src=\"https:\/\/periodicolarepublica.com\/wp-content\/uploads\/2025\/04\/Hector-Porcella-Mohamed-Khalifa-Rahma-y-Juan-Carlos-Salazar-300x206.jpeg\" alt=\"\" width=\"300\" height=\"206\" srcset=\"https:\/\/periodicolarepublica.com\/wp-content\/uploads\/2025\/04\/Hector-Porcella-Mohamed-Khalifa-Rahma-y-Juan-Carlos-Salazar-300x206.jpeg?v=1745559003 300w, https:\/\/periodicolarepublica.com\/wp-content\/uploads\/2025\/04\/Hector-Porcella-Mohamed-Khalifa-Rahma-y-Juan-Carlos-Salazar-1024x704.jpeg?v=1745559003 1024w, https:\/\/periodicolarepublica.com\/wp-content\/uploads\/2025\/04\/Hector-Porcella-Mohamed-Khalifa-Rahma-y-Juan-Carlos-Salazar-768x528.jpeg?v=1745559003 768w, https:\/\/periodicolarepublica.com\/wp-content\/uploads\/2025\/04\/Hector-Porcella-Mohamed-Khalifa-Rahma-y-Juan-Carlos-Salazar-1536x1056.jpeg?v=1745559003 1536w, https:\/\/periodicolarepublica.com\/wp-content\/uploads\/2025\/04\/Hector-Porcella-Mohamed-Khalifa-Rahma-y-Juan-Carlos-Salazar-150x103.jpeg?v=1745559003 150w, https:\/\/periodicolarepublica.com\/wp-content\/uploads\/2025\/04\/Hector-Porcella-Mohamed-Khalifa-Rahma-y-Juan-Carlos-Salazar-218x150.jpeg?v=1745559003 218w, https:\/\/periodicolarepublica.com\/wp-content\/uploads\/2025\/04\/Hector-Porcella-Mohamed-Khalifa-Rahma-y-Juan-Carlos-Salazar-436x300.jpeg?v=1745559003 436w, https:\/\/periodicolarepublica.com\/wp-content\/uploads\/2025\/04\/Hector-Porcella-Mohamed-Khalifa-Rahma-y-Juan-Carlos-Salazar-600x413.jpeg?v=1745559003 600w, https:\/\/periodicolarepublica.com\/wp-content\/uploads\/2025\/04\/Hector-Porcella-Mohamed-Khalifa-Rahma-y-Juan-Carlos-Salazar-696x479.jpeg?v=1745559003 696w, https:\/\/periodicolarepublica.com\/wp-content\/uploads\/2025\/04\/Hector-Porcella-Mohamed-Khalifa-Rahma-y-Juan-Carlos-Salazar-1392x957.jpeg?v=1745559003 1392w, https:\/\/periodicolarepublica.com\/wp-content\/uploads\/2025\/04\/Hector-Porcella-Mohamed-Khalifa-Rahma-y-Juan-Carlos-Salazar-1068x734.jpeg?v=1745559003 1068w, https:\/\/periodicolarepublica.com\/wp-content\/uploads\/2025\/04\/Hector-Porcella-Mohamed-Khalifa-Rahma-y-Juan-Carlos-Salazar-100x70.jpeg?v=1745559003 100w, https:\/\/periodicolarepublica.com\/wp-content\/uploads\/2025\/04\/Hector-Porcella-Mohamed-Khalifa-Rahma-y-Juan-Carlos-Salazar.jpeg?v=1745559003 1600w\" sizes=\"auto, (max-width: 300px) 100vw, 300px\" \/><\/p>\n","protected":false},"excerpt":{"rendered":"<p>Doha, Catar. &#8211; El presidente de la Junta de Aviaci\u00f3n Civil (JAC), H\u00e9ctor Porcella, sostuvo una reuni\u00f3n bilateral clave con las m\u00e1ximas autoridades de la Organizaci\u00f3n de Aviaci\u00f3n Civil Internacional (OACI) durante la Conferencia de Facilitaci\u00f3n FALC 2025, celebrada en Doha, Catar. En el encuentro, que tuvo lugar en las salas de reuniones del Sheraton [&hellip;]<\/p>\n","protected":false},"author":6,"featured_media":3104,"comment_status":"open","ping_status":"open","sticky":false,"template":"","format":"standard","meta":{"om_disable_all_campaigns":false,"_monsterinsights_skip_tracking":false,"_monsterinsights_sitenote_active":false,"_monsterinsights_sitenote_note":"","_monsterinsights_sitenote_category":0,"footnotes":""},"categories":[1],"tags":[],"class_list":{"0":"post-3103","1":"post","2":"type-post","3":"status-publish","4":"format-standard","5":"has-post-thumbnail","7":"category-nacionales"},"aioseo_notices":[],"_links":{"self":[{"href":"https:\/\/periodicolarepublica.com\/index.php\/wp-json\/wp\/v2\/posts\/3103","targetHints":{"allow":["GET"]}}],"collection":[{"href":"https:\/\/periodicolarepublica.com\/index.php\/wp-json\/wp\/v2\/posts"}],"about":[{"href":"https:\/\/periodicolarepublica.com\/index.php\/wp-json\/wp\/v2\/types\/post"}],"author":[{"embeddable":true,"href":"https:\/\/periodicolarepublica.com\/index.php\/wp-json\/wp\/v2\/users\/6"}],"replies":[{"embeddable":true,"href":"https:\/\/periodicolarepublica.com\/index.php\/wp-json\/wp\/v2\/comments?post=3103"}],"version-history":[{"count":1,"href":"https:\/\/periodicolarepublica.com\/index.php\/wp-json\/wp\/v2\/posts\/3103\/revisions"}],"predecessor-version":[{"id":3105,"href":"https:\/\/periodicolarepublica.com\/index.php\/wp-json\/wp\/v2\/posts\/3103\/revisions\/3105"}],"wp:featuredmedia":[{"embeddable":true,"href":"https:\/\/periodicolarepublica.com\/index.php\/wp-json\/wp\/v2\/media\/3104"}],"wp:attachment":[{"href":"https:\/\/periodicolarepublica.com\/index.php\/wp-json\/wp\/v2\/media?parent=3103"}],"wp:term":[{"taxonomy":"category","embeddable":true,"href":"https:\/\/periodicolarepublica.com\/index.php\/wp-json\/wp\/v2\/categories?post=3103"},{"taxonomy":"post_tag","embeddable":true,"href":"https:\/\/periodicolarepublica.com\/index.php\/wp-json\/wp\/v2\/tags?post=3103"}],"curies":[{"name":"wp","href":"https:\/\/api.w.org\/{rel}","templated":true}]}}