{"id":3106,"date":"2025-04-25T16:11:09","date_gmt":"2025-04-25T14:11:09","guid":{"rendered":"https:\/\/periodicolarepublica.com\/?p=3106"},"modified":"2025-04-25T16:11:09","modified_gmt":"2025-04-25T14:11:09","slug":"carolina-mejia-las-mujeres","status":"publish","type":"post","link":"https:\/\/periodicolarepublica.com\/index.php\/2025\/04\/25\/carolina-mejia-las-mujeres\/","title":{"rendered":"Carolina Mej\u00eda y el poder de las mujeres en la alcald\u00eda, transformando Santo Domingo"},"content":{"rendered":"<p>Desde su llegada al cargo como la primera mujer electa alcaldesa del Distrito Nacional en el 2020, Carolina Mej\u00eda G\u00f3mez no solo marc\u00f3 un hito hist\u00f3rico en la pol\u00edtica dominicana, sino que tambi\u00e9n abri\u00f3 las puertas a una nueva etapa en la gesti\u00f3n municipal, donde es notable el liderazgo femenino.<\/p>\n<p>Al cumplirse el primer a\u00f1o de su segundo mandato como Alcaldesa, ya que repite en el cargo desde el 2024, pues Mej\u00eda G\u00f3mez de Garrig\u00f3,\u00a0 sigue floreciendo en su gesti\u00f3n la posici\u00f3n de las mujeres que le acompa\u00f1an hacer su trabajo y as\u00ed quedo evidenciado en su rendici\u00f3n de cuentas.<\/p>\n<p>Mej\u00eda G\u00f3mez\u00a0 hace menci\u00f3n constante del proverbio africano \u00abSi quieres ir r\u00e1pido, ve solo; si quieres llegar lejos, ve acompa\u00f1ado\u00bb y esta evidenciado con el equipo que trabaja, donde se destacan muchas mujeres.<\/p>\n<p>La colocaci\u00f3n de mujeres en diferentes \u00e1reas del cabildo, han consolidando un equipo diverso, eficiente y comprometido con el bienestar ciudadano y se refleja en los logros presentados en su rendici\u00f3n de cuentas.<\/p>\n<p>El trabajo de estas mujeres en la Alcald\u00eda\u00a0 del Distrito, no solo construye una mejor ciudad hoy, sino que inspira a las generaciones, hac\u00eda un liderazgo, que ya no tiene g\u00e9nero, sino mas bien tiene prop\u00f3sito claro de hacer una mejor ciudad. <img loading=\"lazy\" decoding=\"async\" class=\"alignnone size-medium wp-image-3108\" src=\"https:\/\/periodicolarepublica.com\/wp-content\/uploads\/2025\/04\/IMG_20250425_100602-300x196.jpg\" alt=\"\" width=\"300\" height=\"196\" srcset=\"https:\/\/periodicolarepublica.com\/wp-content\/uploads\/2025\/04\/IMG_20250425_100602-300x196.jpg 300w, https:\/\/periodicolarepublica.com\/wp-content\/uploads\/2025\/04\/IMG_20250425_100602-768x501.jpg 768w, https:\/\/periodicolarepublica.com\/wp-content\/uploads\/2025\/04\/IMG_20250425_100602-150x98.jpg 150w, https:\/\/periodicolarepublica.com\/wp-content\/uploads\/2025\/04\/IMG_20250425_100602-600x392.jpg 600w, https:\/\/periodicolarepublica.com\/wp-content\/uploads\/2025\/04\/IMG_20250425_100602-696x454.jpg 696w, https:\/\/periodicolarepublica.com\/wp-content\/uploads\/2025\/04\/IMG_20250425_100602.jpg 1019w\" sizes=\"auto, (max-width: 300px) 100vw, 300px\" \/><\/p>\n","protected":false},"excerpt":{"rendered":"<p>Desde su llegada al cargo como la primera mujer electa alcaldesa del Distrito Nacional en el 2020, Carolina Mej\u00eda G\u00f3mez no solo marc\u00f3 un hito hist\u00f3rico en la pol\u00edtica dominicana, sino que tambi\u00e9n abri\u00f3 las puertas a una nueva etapa en la gesti\u00f3n municipal, donde es notable el liderazgo femenino. Al cumplirse el primer a\u00f1o [&hellip;]<\/p>\n","protected":false},"author":1,"featured_media":3108,"comment_status":"open","ping_status":"open","sticky":false,"template":"","format":"standard","meta":{"om_disable_all_campaigns":false,"_monsterinsights_skip_tracking":false,"_monsterinsights_sitenote_active":false,"_monsterinsights_sitenote_note":"","_monsterinsights_sitenote_category":0,"footnotes":""},"categories":[1],"tags":[37,392],"class_list":{"0":"post-3106","1":"post","2":"type-post","3":"status-publish","4":"format-standard","5":"has-post-thumbnail","7":"category-nacionales","8":"tag-carolina-mejia","9":"tag-carolina-mejia-gomez"},"aioseo_notices":[],"_links":{"self":[{"href":"https:\/\/periodicolarepublica.com\/index.php\/wp-json\/wp\/v2\/posts\/3106","targetHints":{"allow":["GET"]}}],"collection":[{"href":"https:\/\/periodicolarepublica.com\/index.php\/wp-json\/wp\/v2\/posts"}],"about":[{"href":"https:\/\/periodicolarepublica.com\/index.php\/wp-json\/wp\/v2\/types\/post"}],"author":[{"embeddable":true,"href":"https:\/\/periodicolarepublica.com\/index.php\/wp-json\/wp\/v2\/users\/1"}],"replies":[{"embeddable":true,"href":"https:\/\/periodicolarepublica.com\/index.php\/wp-json\/wp\/v2\/comments?post=3106"}],"version-history":[{"count":1,"href":"https:\/\/periodicolarepublica.com\/index.php\/wp-json\/wp\/v2\/posts\/3106\/revisions"}],"predecessor-version":[{"id":3109,"href":"https:\/\/periodicolarepublica.com\/index.php\/wp-json\/wp\/v2\/posts\/3106\/revisions\/3109"}],"wp:featuredmedia":[{"embeddable":true,"href":"https:\/\/periodicolarepublica.com\/index.php\/wp-json\/wp\/v2\/media\/3108"}],"wp:attachment":[{"href":"https:\/\/periodicolarepublica.com\/index.php\/wp-json\/wp\/v2\/media?parent=3106"}],"wp:term":[{"taxonomy":"category","embeddable":true,"href":"https:\/\/periodicolarepublica.com\/index.php\/wp-json\/wp\/v2\/categories?post=3106"},{"taxonomy":"post_tag","embeddable":true,"href":"https:\/\/periodicolarepublica.com\/index.php\/wp-json\/wp\/v2\/tags?post=3106"}],"curies":[{"name":"wp","href":"https:\/\/api.w.org\/{rel}","templated":true}]}}