{"id":3110,"date":"2025-04-25T19:55:35","date_gmt":"2025-04-25T17:55:35","guid":{"rendered":"https:\/\/periodicolarepublica.com\/?p=3110"},"modified":"2025-04-25T19:55:35","modified_gmt":"2025-04-25T17:55:35","slug":"ogtic-es-nominada-a-los-wsis-prizes-2025-con-su-iniciativa-puntos-gob","status":"publish","type":"post","link":"https:\/\/periodicolarepublica.com\/index.php\/2025\/04\/25\/ogtic-es-nominada-a-los-wsis-prizes-2025-con-su-iniciativa-puntos-gob\/","title":{"rendered":"OGTIC es nominada a los WSIS Prizes 2025 con su iniciativa Puntos GOB"},"content":{"rendered":"<p>WSIS Prizes un reconocimiento internacional al modelo de servicio ciudadano que transforma vidas a trav\u00e9s de la tecnolog\u00eda<\/p>\n<p>*Santo Domingo*. \u2013 Los Centros de Servicios Presenciales o Puntos GOB de la Oficina Gubernamental de Tecnolog\u00edas de la Informaci\u00f3n y Comunicaci\u00f3n (OGTIC), fueron nominados en la categor\u00eda #6 \u201cEnabling Environment o Ambientes Aptos\u201d de los WSIS Prizes 2025, (por sus siglas en ingl\u00e9s, World Summit on the Information Society Prizes), premios que reconocen la iniciativas de \u00e9xito que promueven la creaci\u00f3n de alianzas p\u00fablico-privadas para el desarrollo de la comunidad a trav\u00e9s de las TIC.<\/p>\n<p>Este reconocimiento es otorgado por la Cumbre Mundial de la Sociedad de la Informaci\u00f3n (CMSI), organizada en conjunto con la Uni\u00f3n Internacional de Telecomunicaciones (UIT), Organizaci\u00f3n de las Naciones Unidas para la Educaci\u00f3n, la Ciencia y la Cultura (UNESCO), Programa de las Naciones Unidas para el Desarrollo (PNUD) y la Conferencia de las Naciones Unidas sobre Comercio y Desarrollo (UNCTAD). La premiaci\u00f3n se realizar\u00e1 del 7 al 11 de julio de 2025 en Ginebra, Suiza.<\/p>\n<p>El director general de la OGTIC, Edgar Batista Carrasco, se\u00f1al\u00f3 que, con esta nominaci\u00f3n, los Puntos GOB entran en la fase final para que, el 30 de abril, un jurado internacional los reconozca como la mejor iniciativa del mundo en su categor\u00eda de Ambientes Aptos.<\/p>\n<p>Batista Carrasco, afirm\u00f3 que, aunque la Rep\u00fablica Dominicana no obtenga el premio principal, esta nominaci\u00f3n ya constituye un hito hist\u00f3rico para el pa\u00eds, y reafirma que la actual gesti\u00f3n del presidente Luis Abinader avanza con pasos firmes hacia la transformaci\u00f3n digital del Estado.<\/p>\n<p>Tambi\u00e9n destac\u00f3 que este logro es el resultado de un proceso construido sobre la base del consenso, la participaci\u00f3n multisectorial y la colaboraci\u00f3n entre el Gobierno, el sector privado y la sociedad civil.<\/p>\n<p>*Sobre los Puntos GOB*<\/p>\n<p>Los Puntos GOB son establecimientos que centralizan los servicios m\u00e1s demandados por la ciudadan\u00eda en un solo lugar, para garantizar un acceso r\u00e1pido y eficiente a trav\u00e9s de un modelo de atenci\u00f3n integral.<\/p>\n<p>Desde mayo de 2022, la OGTIC ha puesto en funcionamiento cinco Puntos GOB: Punto GOB Expreso en la Plaza de la Cultura en Santo Domingo Este, en el Centro Comercial Occidental Mall en Santo Domingo Oeste; el primer Punto GOB regional, en la provincia de Santiago, en Santo Domingo Norte en el Centro comercial Colina Centro y en San Crist\u00f3bal. Anteriormente se hab\u00edan inaugurado dos Punto GOB; uno en Sambil y el otro en Megacentro.<\/p>\n<p>En dos a\u00f1os, estos espacios han atendido a m\u00e1s de 2 millones de ciudadanos, ofreciendo 265 servicios de 30 instituciones p\u00fablicas.<\/p>\n<p>*Sobre la Cumbre Mundial sobre la Sociedad de la Informaci\u00f3n (CMSI)*<\/p>\n<p>CMSI es una conferencia de las Naciones Unidas, liderada por la UIT, que busca construir una Sociedad de la Informaci\u00f3n centrada en la persona, integradora y orientada al desarrollo sostenible. Su objetivo es asegurar que todas las personas puedan acceder, crear y compartir conocimiento de manera libre y segura, respetando los principios de la Carta de las Naciones Unidas y la Declaraci\u00f3n Universal de los Derechos Humanos.<\/p>\n<p><img loading=\"lazy\" decoding=\"async\" class=\"alignnone size-medium wp-image-3111\" src=\"https:\/\/periodicolarepublica.com\/wp-content\/uploads\/2025\/04\/IMG-20250425-WA0052-300x238.jpg\" alt=\"\" width=\"300\" height=\"238\" srcset=\"https:\/\/periodicolarepublica.com\/wp-content\/uploads\/2025\/04\/IMG-20250425-WA0052-300x238.jpg 300w, https:\/\/periodicolarepublica.com\/wp-content\/uploads\/2025\/04\/IMG-20250425-WA0052-1024x812.jpg 1024w, https:\/\/periodicolarepublica.com\/wp-content\/uploads\/2025\/04\/IMG-20250425-WA0052-768x609.jpg 768w, https:\/\/periodicolarepublica.com\/wp-content\/uploads\/2025\/04\/IMG-20250425-WA0052-150x119.jpg 150w, https:\/\/periodicolarepublica.com\/wp-content\/uploads\/2025\/04\/IMG-20250425-WA0052-600x476.jpg 600w, https:\/\/periodicolarepublica.com\/wp-content\/uploads\/2025\/04\/IMG-20250425-WA0052-696x552.jpg 696w, https:\/\/periodicolarepublica.com\/wp-content\/uploads\/2025\/04\/IMG-20250425-WA0052-1068x847.jpg 1068w, https:\/\/periodicolarepublica.com\/wp-content\/uploads\/2025\/04\/IMG-20250425-WA0052.jpg 1200w\" sizes=\"auto, (max-width: 300px) 100vw, 300px\" \/><\/p>\n","protected":false},"excerpt":{"rendered":"<p>WSIS Prizes un reconocimiento internacional al modelo de servicio ciudadano que transforma vidas a trav\u00e9s de la tecnolog\u00eda *Santo Domingo*. \u2013 Los Centros de Servicios Presenciales o Puntos GOB de la Oficina Gubernamental de Tecnolog\u00edas de la Informaci\u00f3n y Comunicaci\u00f3n (OGTIC), fueron nominados en la categor\u00eda #6 \u201cEnabling Environment o Ambientes Aptos\u201d de los WSIS [&hellip;]<\/p>\n","protected":false},"author":6,"featured_media":3111,"comment_status":"open","ping_status":"open","sticky":false,"template":"","format":"standard","meta":{"om_disable_all_campaigns":false,"_monsterinsights_skip_tracking":false,"_monsterinsights_sitenote_active":false,"_monsterinsights_sitenote_note":"","_monsterinsights_sitenote_category":0,"footnotes":""},"categories":[1],"tags":[246,233],"class_list":{"0":"post-3110","1":"post","2":"type-post","3":"status-publish","4":"format-standard","5":"has-post-thumbnail","7":"category-nacionales","8":"tag-ogtic","9":"tag-ogtic-com"},"aioseo_notices":[],"_links":{"self":[{"href":"https:\/\/periodicolarepublica.com\/index.php\/wp-json\/wp\/v2\/posts\/3110","targetHints":{"allow":["GET"]}}],"collection":[{"href":"https:\/\/periodicolarepublica.com\/index.php\/wp-json\/wp\/v2\/posts"}],"about":[{"href":"https:\/\/periodicolarepublica.com\/index.php\/wp-json\/wp\/v2\/types\/post"}],"author":[{"embeddable":true,"href":"https:\/\/periodicolarepublica.com\/index.php\/wp-json\/wp\/v2\/users\/6"}],"replies":[{"embeddable":true,"href":"https:\/\/periodicolarepublica.com\/index.php\/wp-json\/wp\/v2\/comments?post=3110"}],"version-history":[{"count":1,"href":"https:\/\/periodicolarepublica.com\/index.php\/wp-json\/wp\/v2\/posts\/3110\/revisions"}],"predecessor-version":[{"id":3112,"href":"https:\/\/periodicolarepublica.com\/index.php\/wp-json\/wp\/v2\/posts\/3110\/revisions\/3112"}],"wp:featuredmedia":[{"embeddable":true,"href":"https:\/\/periodicolarepublica.com\/index.php\/wp-json\/wp\/v2\/media\/3111"}],"wp:attachment":[{"href":"https:\/\/periodicolarepublica.com\/index.php\/wp-json\/wp\/v2\/media?parent=3110"}],"wp:term":[{"taxonomy":"category","embeddable":true,"href":"https:\/\/periodicolarepublica.com\/index.php\/wp-json\/wp\/v2\/categories?post=3110"},{"taxonomy":"post_tag","embeddable":true,"href":"https:\/\/periodicolarepublica.com\/index.php\/wp-json\/wp\/v2\/tags?post=3110"}],"curies":[{"name":"wp","href":"https:\/\/api.w.org\/{rel}","templated":true}]}}