{"id":3113,"date":"2025-04-25T20:02:45","date_gmt":"2025-04-25T18:02:45","guid":{"rendered":"https:\/\/periodicolarepublica.com\/?p=3113"},"modified":"2025-04-25T20:06:44","modified_gmt":"2025-04-25T18:06:44","slug":"robert-polanco-afirma-programas-sociales-del-gobierno-mantienen-presencia-permanente-en-la-region-sur-del-pais","status":"publish","type":"post","link":"https:\/\/periodicolarepublica.com\/index.php\/2025\/04\/25\/robert-polanco-afirma-programas-sociales-del-gobierno-mantienen-presencia-permanente-en-la-region-sur-del-pais\/","title":{"rendered":"Robert Polanco afirma programas sociales del gobierno mantienen presencia permanente en la regi\u00f3n Sur del pa\u00eds"},"content":{"rendered":"<p>Propeep desarrolla jornada \u201cPrimero T\u00fa\u201d benefici\u00f3 a familias del municipio Mella; provincia Independencia_<\/p>\n<p>*Mella, Independencia* -El director de Proyectos Estrat\u00e9gicos y Especiales de la Presidencia (Propeep), Robert Polanco, reafirm\u00f3 este viernes el compromiso del gobierno del presidente Luis Abinader con el bienestar de las comunidades del sur profundo, tras destacar que los programas sociales del Estado mantienen una presencia continua en toda esa regi\u00f3n.<\/p>\n<p>Al encabezar una jornada de inclusi\u00f3n Social \u00abPrimero T\u00fa\u00bb, en el municipio Mella, provincia Independencia, Polanco expres\u00f3 su satisfacci\u00f3n por regresar a esa demarcacion \u00abdonde empieza la Patria\u201d, resaltando el honor que representa para \u00e9l compartir con los mun\u00edcipes y autoridades de esa localidad.<\/p>\n<p>\u201cCompart\u00eda con el senador Dagoberto y con el alcalde Carlos la historia de la fundaci\u00f3n de este municipio, y hab\u00eda cierta confusi\u00f3n sobre el nombre. Algunos pensaban que era por un sacerdote, pero en realidad es en honor al patricio Ram\u00f3n Mat\u00edas Mella, uno de los Padres de la Patria, con quien m\u00e1s me identifico por su valor y coraje. Ese trabucazo del 27 de febrero de 1844 nos dio una naci\u00f3n libre, independiente y soberana\u201d, expres\u00f3 Polanco.<\/p>\n<p>El funcionario deplor\u00f3 que un municipio que lleva el nombre de uno de los Padres de la Patria est\u00e9 tan marginado y que esa es la raz\u00f3n por la que el presidente Abinader ha hecho tanto \u00e9nfasis en que se lleven las acciones sociales a esa demarcacion, para que sus residentes puedan recibir los servicios del gobierno y mejorar sus condiciones de vida.<\/p>\n<p>Agreg\u00f3 que por esa raz\u00f3n Propeep est\u00e1 trabajando para que eso sea una realidad, no solo en ese municipio, sino en todas las comunidades de Independencia.<\/p>\n<p>Polanco record\u00f3 que su compromiso con esa provincia no es nuevo y que lo ha mantenido tanto en su paso por el Ministerio de la Juventud como ahora al frente de Propeep.<\/p>\n<p>En ese sentido, el director de Propeep destac\u00f3 que la asistencia social del gobierno se mantiene activa en la regi\u00f3n, a trav\u00e9s de distintos programas dirigidos a los sectores m\u00e1s vulnerables.<\/p>\n<p>\u201cHago un compromiso con todos ustedes, con el alcalde, los regidores, los directores de centros, con la gobernadora, de que la entidad que dirigimos estar\u00e1 aqu\u00ed de manera permanente y c\u00edclica, porque esta comunidad necesita del apoyo constante del gobierno que encabeza el presidente Abinader\u00bb, explic\u00f3.<\/p>\n<p>Durante el desarrollo de la jornada de inclusi\u00f3n social, los ciudadanos recibieron servicios, entre lo que se destacan atenciones odontol\u00f3gicas y en salud, asistencia a embarazadas, a envejecientes y a personas con discapacidad y charlas de capacitacion para j\u00f3venes y adolescentes.<\/p>\n<p>*Paseo de los Colores*<\/p>\n<p>Robert Polanco tambi\u00e9n anunci\u00f3 la inauguraci\u00f3n este viernes de un mural cultural realizado por la Direcci\u00f3n de Dominicana Cultural y Creativa, coordinado por Lino Garc\u00eda, en el centro educativo profesora Dominicana Altagracia Moquete Su\u00e1rez, que plasma la historia y los valores de Mella y de Duarte y S\u00e1nchez, adem\u00e1s de resaltar las tradiciones de ese municipio, la producci\u00f3n agropecuaria y personalidades destacadas de la comunidad.<\/p>\n<p>*Autoridades presentes*<\/p>\n<p>En el acto de apertura acompa\u00f1aron a Robert Polanco, el senador Dagoberto Rodr\u00edguez Adames; el alcalde municipal Carlos Matos; la subdirectora de Propeep Yenny Chaljub, adem\u00e1s la coordinadora provincial de Propeep, Vierka Mancebo, as\u00ed mismo los integrantes de la sala capitular del ayuntamiento, entre otros.<\/p>\n<figure id=\"attachment_3082\" aria-describedby=\"caption-attachment-3082\" style=\"width: 300px\" class=\"wp-caption alignnone\"><img loading=\"lazy\" decoding=\"async\" class=\"size-medium wp-image-3082\" src=\"https:\/\/periodicolarepublica.com\/wp-content\/uploads\/2025\/04\/IMG-20250424-WA0016-300x200.jpg\" alt=\"\" width=\"300\" height=\"200\" \/><figcaption id=\"caption-attachment-3082\" class=\"wp-caption-text\">Foto de archivo<\/figcaption><\/figure>\n<p>*Direcci\u00f3n de Comunicaciones Propeep*<\/p>\n<p>25 de Abril 2025<\/p>\n","protected":false},"excerpt":{"rendered":"<p>Propeep desarrolla jornada \u201cPrimero T\u00fa\u201d benefici\u00f3 a familias del municipio Mella; provincia Independencia_ *Mella, Independencia* -El director de Proyectos Estrat\u00e9gicos y Especiales de la Presidencia (Propeep), Robert Polanco, reafirm\u00f3 este viernes el compromiso del gobierno del presidente Luis Abinader con el bienestar de las comunidades del sur profundo, tras destacar que los programas sociales del [&hellip;]<\/p>\n","protected":false},"author":6,"featured_media":3082,"comment_status":"open","ping_status":"open","sticky":false,"template":"","format":"standard","meta":{"om_disable_all_campaigns":false,"_monsterinsights_skip_tracking":false,"_monsterinsights_sitenote_active":false,"_monsterinsights_sitenote_note":"","_monsterinsights_sitenote_category":0,"footnotes":""},"categories":[1],"tags":[],"class_list":{"0":"post-3113","1":"post","2":"type-post","3":"status-publish","4":"format-standard","5":"has-post-thumbnail","7":"category-nacionales"},"aioseo_notices":[],"_links":{"self":[{"href":"https:\/\/periodicolarepublica.com\/index.php\/wp-json\/wp\/v2\/posts\/3113","targetHints":{"allow":["GET"]}}],"collection":[{"href":"https:\/\/periodicolarepublica.com\/index.php\/wp-json\/wp\/v2\/posts"}],"about":[{"href":"https:\/\/periodicolarepublica.com\/index.php\/wp-json\/wp\/v2\/types\/post"}],"author":[{"embeddable":true,"href":"https:\/\/periodicolarepublica.com\/index.php\/wp-json\/wp\/v2\/users\/6"}],"replies":[{"embeddable":true,"href":"https:\/\/periodicolarepublica.com\/index.php\/wp-json\/wp\/v2\/comments?post=3113"}],"version-history":[{"count":2,"href":"https:\/\/periodicolarepublica.com\/index.php\/wp-json\/wp\/v2\/posts\/3113\/revisions"}],"predecessor-version":[{"id":3115,"href":"https:\/\/periodicolarepublica.com\/index.php\/wp-json\/wp\/v2\/posts\/3113\/revisions\/3115"}],"wp:featuredmedia":[{"embeddable":true,"href":"https:\/\/periodicolarepublica.com\/index.php\/wp-json\/wp\/v2\/media\/3082"}],"wp:attachment":[{"href":"https:\/\/periodicolarepublica.com\/index.php\/wp-json\/wp\/v2\/media?parent=3113"}],"wp:term":[{"taxonomy":"category","embeddable":true,"href":"https:\/\/periodicolarepublica.com\/index.php\/wp-json\/wp\/v2\/categories?post=3113"},{"taxonomy":"post_tag","embeddable":true,"href":"https:\/\/periodicolarepublica.com\/index.php\/wp-json\/wp\/v2\/tags?post=3113"}],"curies":[{"name":"wp","href":"https:\/\/api.w.org\/{rel}","templated":true}]}}