{"id":3116,"date":"2025-04-25T22:37:56","date_gmt":"2025-04-25T20:37:56","guid":{"rendered":"https:\/\/periodicolarepublica.com\/?p=3116"},"modified":"2025-04-25T22:37:56","modified_gmt":"2025-04-25T20:37:56","slug":"victor-atallah-para-el-gobierno-la-salud-de-la-gente-es-una-prioridad","status":"publish","type":"post","link":"https:\/\/periodicolarepublica.com\/index.php\/2025\/04\/25\/victor-atallah-para-el-gobierno-la-salud-de-la-gente-es-una-prioridad\/","title":{"rendered":"V\u00edctor Atallah: \u00abPara el gobierno la salud de la gente es una prioridad\u00bb"},"content":{"rendered":"<p>El Ministerio de Salud lleva a cabo la jornada \u00abMas Salud y Bienestar en Hig\u00fcey este viernes 25 y s\u00e1bado 26<\/p>\n<p>Hig\u00fcey, La Altagracia \u2013* Con el objetivo de acercar los servicios m\u00e9dicos a la poblaci\u00f3n y fomentar la cultura preventiva, el ministro de Salud, V\u00edctor Atallah llev\u00f3 la jornada \u201cM\u00e1s Salud y Bienestar\u201d al municipio de Hig\u00fcey, provincia La Altagracia. La iniciativa reuni\u00f3 el primer d\u00eda a cientos de personas que acudieron en busca de atenci\u00f3n m\u00e9dica integral.<\/p>\n<p>&nbsp;<\/p>\n<p>Al encabezar el acto protocolar, el ministro expres\u00f3 su agradecimiento al pueblo altragraciano por asistir activamente a la jornada, destacando que para el gobierno la salud de la gente es una prioridad y reiter\u00f3 el compromiso de continuar impulsando iniciativas que vayan orientadas y garanticen el acceso a una atenci\u00f3n oportuna, digna y eficiente para todos los dominicanos.<\/p>\n<p>&nbsp;<\/p>\n<p>\u00abEntendemos que esta jornada es importante para acercarnos a la comunidad. Esta orientada en prevenci\u00f3n y atenci\u00f3n a todos los dominicanos, vamos a atender a los ni\u00f1os, embarazadas y envejecientes, aqu\u00ed ofrecemos educaci\u00f3n en salud, concienciaci\u00f3n y vamos a conectarnos una vez m\u00e1s con el pueblo que es lo que busca este operativo, llevar M\u00e1s Salud y Bienestar a la gente\u00bb, dijo Atallah.<\/p>\n<p>&nbsp;<\/p>\n<p>Inform\u00f3 que como parte de de la jornada, que se lleva a cabo este viernes 25 y s\u00e1bado 26 de abril en la Bas\u00edlica Catedral Nuestra Se\u00f1ora de La Altagracia, se dar\u00e1 seguimiento a las personas que reciban atenci\u00f3n y se crear\u00e1 un registro que permita mantener a estos usuarios del sistema de salud con la atenci\u00f3n primaria.<\/p>\n<p>&nbsp;<\/p>\n<p>\u00abHago un llamado a todos los dominicanos para que acepten y entiendan que la salud no es solo el accionar del gobierno, sino que necesita del acercamiento de ustedes y buscar atenci\u00f3n por la salud es lo primordial\u00bb, puntualiz\u00f3.<\/p>\n<p>&nbsp;<\/p>\n<p>Wendy Castillo, directora Provincial de Salud de La Altagracia, indic\u00f3 que la Jornada refleja el compromiso del Ministerio de Salud de llevar los servicios a los ciudadanos, ofreciendo atenci\u00f3n oportuna y de calidad. \u00abEsta jornada m\u00e9dica es una expresi\u00f3n del esfuerzo en conjunto de todo el gobierno\u00bb.<\/p>\n<p>&nbsp;<\/p>\n<p>Mientra que el senador de la provincia, Rafael Bar\u00f3n Duluc, precis\u00f3 la importancia de cuidar la salud de la poblaci\u00f3n altagraciana.<\/p>\n<p>&nbsp;<\/p>\n<p>De su lado Martina Pep\u00e9n Santana, gobernadora de La Altagracia, indic\u00f3 que la jornada \u00abM\u00e1s Salud y Bienestar\u00bb reafirma el compromiso del gobierno con la atenci\u00f3n sanitaria de los dominicanos.<\/p>\n<p>&nbsp;<\/p>\n<p>\u00abM\u00e1s Salud no es solo un nombre, es una promesa cumplida, una huella tangible de que la salud llega a cada rinc\u00f3n con calidad y calidez\u00bb, dijo la gobernadora de La Altagracia.<\/p>\n<p>&nbsp;<\/p>\n<p>Desde primeras horas del d\u00eda, las personas llegaron al lugar para recibir atenci\u00f3n m\u00e9dica gratuita, Miladis Santana, acudi\u00f3 junto a su madre, en busca de servicios de medicina general y agradeci\u00f3 el trato de los doctores, especialmente con los adultos mayores.<\/p>\n<p>&nbsp;<\/p>\n<p>Daysi Mota, otra asitente asegur\u00f3 que la jornada ayuda a acercar los servicios de salud a toda la poblaci\u00f3n, exhort\u00f3 al Ministerio de Salud a agregar otros servicios y a realizar la jornada de manera m\u00e1s frecuente.<\/p>\n<p>&nbsp;<\/p>\n<p>*Presentaciones culturales*<\/p>\n<p>&nbsp;<\/p>\n<p>Los estudiantes del Centro Educativo en Artes Gerardo Jansen tuvieron a su cargo la interpretaci\u00f3n de las notas del himno nacional y estudiantes de la escuela de M\u00fasica Pepe Rosario realizaron una presentaci\u00f3n cultural.<\/p>\n<p>&nbsp;<\/p>\n<p>*Servicios ofrecidos*<\/p>\n<p>&nbsp;<\/p>\n<p>En la jornada se ofrecieron consultas gratuitas en especialidades como pediatr\u00eda, ginecolog\u00eda, medicina general, oftalmolog\u00eda, dermatolog\u00eda, odontolog\u00eda, cardiolog\u00eda y salud mental. Asimismo, se realizaron ex\u00e1menes de pr\u00f3stata y pruebas PSA.<\/p>\n<p>&nbsp;<\/p>\n<p>Los asistentes tambi\u00e9n tuvieron acceso a servicios cl\u00ednicos y de apoyo como tipificaci\u00f3n y programa de donaci\u00f3n de sangre, electrocardiogramas, mamograf\u00edas, sonomamograf\u00edas, sonograf\u00edas, pruebas de laboratorio, carnetizaci\u00f3n con Senasa, vacunaci\u00f3n para perros y gatos, y entrega gratuita de medicamentos.<\/p>\n<p>&nbsp;<\/p>\n<p>La actividad no solo se centr\u00f3 en la atenci\u00f3n m\u00e9dica, sino que tambi\u00e9n ofreci\u00f3 talleres y encuentros educativos, como charlas sobre salud, cocina saludable, tertulias con adultos mayores, encuentros con embarazadas y capacitaciones en primeros auxilios, fortaleciendo as\u00ed el enfoque integral de salud y bienestar comunitario.<\/p>\n<p>&nbsp;<\/p>\n<p>Acompa\u00f1aron al ministro de Salud, Gina Estrella, viceministra para la Gesti\u00f3n de Riesgos y Salud Ambiental y Eladio P\u00e9rez, viceministro de Salud Colectiva.<img loading=\"lazy\" decoding=\"async\" class=\"size-medium wp-image-2746 alignright\" src=\"https:\/\/periodicolarepublica.com\/wp-content\/uploads\/2025\/02\/IMG-20250222-WA0081-300x200.jpg\" alt=\"\" width=\"300\" height=\"200\" srcset=\"https:\/\/periodicolarepublica.com\/wp-content\/uploads\/2025\/02\/IMG-20250222-WA0081-300x200.jpg?v=1740228426 300w, https:\/\/periodicolarepublica.com\/wp-content\/uploads\/2025\/02\/IMG-20250222-WA0081-1024x682.jpg?v=1740228426 1024w, https:\/\/periodicolarepublica.com\/wp-content\/uploads\/2025\/02\/IMG-20250222-WA0081-768x511.jpg?v=1740228426 768w, https:\/\/periodicolarepublica.com\/wp-content\/uploads\/2025\/02\/IMG-20250222-WA0081-150x100.jpg?v=1740228426 150w, https:\/\/periodicolarepublica.com\/wp-content\/uploads\/2025\/02\/IMG-20250222-WA0081-600x399.jpg?v=1740228426 600w, https:\/\/periodicolarepublica.com\/wp-content\/uploads\/2025\/02\/IMG-20250222-WA0081-696x463.jpg?v=1740228426 696w, https:\/\/periodicolarepublica.com\/wp-content\/uploads\/2025\/02\/IMG-20250222-WA0081-1068x711.jpg?v=1740228426 1068w, https:\/\/periodicolarepublica.com\/wp-content\/uploads\/2025\/02\/IMG-20250222-WA0081.jpg?v=1740228426 1080w\" sizes=\"auto, (max-width: 300px) 100vw, 300px\" \/><\/p>\n","protected":false},"excerpt":{"rendered":"<p>El Ministerio de Salud lleva a cabo la jornada \u00abMas Salud y Bienestar en Hig\u00fcey este viernes 25 y s\u00e1bado 26 Hig\u00fcey, La Altagracia \u2013* Con el objetivo de acercar los servicios m\u00e9dicos a la poblaci\u00f3n y fomentar la cultura preventiva, el ministro de Salud, V\u00edctor Atallah llev\u00f3 la jornada \u201cM\u00e1s Salud y Bienestar\u201d al [&hellip;]<\/p>\n","protected":false},"author":10,"featured_media":2746,"comment_status":"open","ping_status":"open","sticky":false,"template":"","format":"standard","meta":{"om_disable_all_campaigns":false,"_monsterinsights_skip_tracking":false,"_monsterinsights_sitenote_active":false,"_monsterinsights_sitenote_note":"","_monsterinsights_sitenote_category":0,"footnotes":""},"categories":[1],"tags":[159],"class_list":{"0":"post-3116","1":"post","2":"type-post","3":"status-publish","4":"format-standard","5":"has-post-thumbnail","7":"category-nacionales","8":"tag-ministro-de-salud-publica-victor-atallah"},"aioseo_notices":[],"_links":{"self":[{"href":"https:\/\/periodicolarepublica.com\/index.php\/wp-json\/wp\/v2\/posts\/3116","targetHints":{"allow":["GET"]}}],"collection":[{"href":"https:\/\/periodicolarepublica.com\/index.php\/wp-json\/wp\/v2\/posts"}],"about":[{"href":"https:\/\/periodicolarepublica.com\/index.php\/wp-json\/wp\/v2\/types\/post"}],"author":[{"embeddable":true,"href":"https:\/\/periodicolarepublica.com\/index.php\/wp-json\/wp\/v2\/users\/10"}],"replies":[{"embeddable":true,"href":"https:\/\/periodicolarepublica.com\/index.php\/wp-json\/wp\/v2\/comments?post=3116"}],"version-history":[{"count":1,"href":"https:\/\/periodicolarepublica.com\/index.php\/wp-json\/wp\/v2\/posts\/3116\/revisions"}],"predecessor-version":[{"id":3117,"href":"https:\/\/periodicolarepublica.com\/index.php\/wp-json\/wp\/v2\/posts\/3116\/revisions\/3117"}],"wp:featuredmedia":[{"embeddable":true,"href":"https:\/\/periodicolarepublica.com\/index.php\/wp-json\/wp\/v2\/media\/2746"}],"wp:attachment":[{"href":"https:\/\/periodicolarepublica.com\/index.php\/wp-json\/wp\/v2\/media?parent=3116"}],"wp:term":[{"taxonomy":"category","embeddable":true,"href":"https:\/\/periodicolarepublica.com\/index.php\/wp-json\/wp\/v2\/categories?post=3116"},{"taxonomy":"post_tag","embeddable":true,"href":"https:\/\/periodicolarepublica.com\/index.php\/wp-json\/wp\/v2\/tags?post=3116"}],"curies":[{"name":"wp","href":"https:\/\/api.w.org\/{rel}","templated":true}]}}