{"id":3118,"date":"2025-04-26T00:52:00","date_gmt":"2025-04-25T22:52:00","guid":{"rendered":"https:\/\/periodicolarepublica.com\/?p=3118"},"modified":"2025-04-26T00:52:00","modified_gmt":"2025-04-25T22:52:00","slug":"digesett","status":"publish","type":"post","link":"https:\/\/periodicolarepublica.com\/index.php\/2025\/04\/26\/digesett\/","title":{"rendered":"DIGESETT entrega m\u00e1s de 1,800 motocicletas retenidas durante operativo de Semana Santa 2025"},"content":{"rendered":"<p>Con el objetivo de mejorar la atenci\u00f3n al ciudadano y responder a las inquietudes manifestadas por los ciudadanos con motocicletas retenidas, La Direcci\u00f3n General de Seguridad de Tr\u00e1nsito y Transporte Terrestre (DIGESETT) inform\u00f3 que ha entregado m\u00e1s de 1,800 unidades que fueron retenidas durante el reciente operativo preventivo de control y regulaci\u00f3n de tr\u00e1nsito realizado en Semana Santa 2025.<\/p>\n<p>Desde el lunes 21, la entidad del tr\u00e1nsito implement\u00f3 estrategias para agilizar el proceso de entrega en los diferentes Centros de Retenciones Vehiculares, como: Independencia, Marbella, Villa Mella, Zona Oriental, La Victoria y Haras Nacionales.<\/p>\n<p>El director de la DIGESETT, general Pascual Cruz M\u00e9ndez, P.N., hab\u00eda instruido la implementaci\u00f3n de acciones estrat\u00e9gicas para agilizar el proceso de entrega, as\u00ed como el aumento del personal en los centros de retenciones para atender de manera m\u00e1s eficiente a los ciudadanos, adem\u00e1s, orientando a los conductores que retiran sus veh\u00edculos.<\/p>\n<p>\u00abEstamos comprometidos a garantizar un servicio m\u00e1s eficiente y accesible, y valoramos las sugerencias de la poblaci\u00f3n para seguir perfeccionando nuestro trabajo\u00bb, afirm\u00f3 el director de la DIGESETT.<img loading=\"lazy\" decoding=\"async\" class=\"alignnone size-medium wp-image-3119\" src=\"https:\/\/periodicolarepublica.com\/wp-content\/uploads\/2025\/04\/digesett-unirse_17413408_20211012201216-focus-0-0-608-342-300x225.jpg\" alt=\"\" width=\"300\" height=\"225\" srcset=\"https:\/\/periodicolarepublica.com\/wp-content\/uploads\/2025\/04\/digesett-unirse_17413408_20211012201216-focus-0-0-608-342-300x225.jpg 300w, https:\/\/periodicolarepublica.com\/wp-content\/uploads\/2025\/04\/digesett-unirse_17413408_20211012201216-focus-0-0-608-342-150x113.jpg 150w, https:\/\/periodicolarepublica.com\/wp-content\/uploads\/2025\/04\/digesett-unirse_17413408_20211012201216-focus-0-0-608-342-265x198.jpg 265w, https:\/\/periodicolarepublica.com\/wp-content\/uploads\/2025\/04\/digesett-unirse_17413408_20211012201216-focus-0-0-608-342.jpg 512w\" sizes=\"auto, (max-width: 300px) 100vw, 300px\" \/><\/p>\n","protected":false},"excerpt":{"rendered":"<p>Con el objetivo de mejorar la atenci\u00f3n al ciudadano y responder a las inquietudes manifestadas por los ciudadanos con motocicletas retenidas, La Direcci\u00f3n General de Seguridad de Tr\u00e1nsito y Transporte Terrestre (DIGESETT) inform\u00f3 que ha entregado m\u00e1s de 1,800 unidades que fueron retenidas durante el reciente operativo preventivo de control y regulaci\u00f3n de tr\u00e1nsito realizado [&hellip;]<\/p>\n","protected":false},"author":6,"featured_media":3119,"comment_status":"open","ping_status":"open","sticky":false,"template":"","format":"standard","meta":{"om_disable_all_campaigns":false,"_monsterinsights_skip_tracking":false,"_monsterinsights_sitenote_active":false,"_monsterinsights_sitenote_note":"","_monsterinsights_sitenote_category":0,"footnotes":""},"categories":[1],"tags":[],"class_list":{"0":"post-3118","1":"post","2":"type-post","3":"status-publish","4":"format-standard","5":"has-post-thumbnail","7":"category-nacionales"},"aioseo_notices":[],"_links":{"self":[{"href":"https:\/\/periodicolarepublica.com\/index.php\/wp-json\/wp\/v2\/posts\/3118","targetHints":{"allow":["GET"]}}],"collection":[{"href":"https:\/\/periodicolarepublica.com\/index.php\/wp-json\/wp\/v2\/posts"}],"about":[{"href":"https:\/\/periodicolarepublica.com\/index.php\/wp-json\/wp\/v2\/types\/post"}],"author":[{"embeddable":true,"href":"https:\/\/periodicolarepublica.com\/index.php\/wp-json\/wp\/v2\/users\/6"}],"replies":[{"embeddable":true,"href":"https:\/\/periodicolarepublica.com\/index.php\/wp-json\/wp\/v2\/comments?post=3118"}],"version-history":[{"count":1,"href":"https:\/\/periodicolarepublica.com\/index.php\/wp-json\/wp\/v2\/posts\/3118\/revisions"}],"predecessor-version":[{"id":3120,"href":"https:\/\/periodicolarepublica.com\/index.php\/wp-json\/wp\/v2\/posts\/3118\/revisions\/3120"}],"wp:featuredmedia":[{"embeddable":true,"href":"https:\/\/periodicolarepublica.com\/index.php\/wp-json\/wp\/v2\/media\/3119"}],"wp:attachment":[{"href":"https:\/\/periodicolarepublica.com\/index.php\/wp-json\/wp\/v2\/media?parent=3118"}],"wp:term":[{"taxonomy":"category","embeddable":true,"href":"https:\/\/periodicolarepublica.com\/index.php\/wp-json\/wp\/v2\/categories?post=3118"},{"taxonomy":"post_tag","embeddable":true,"href":"https:\/\/periodicolarepublica.com\/index.php\/wp-json\/wp\/v2\/tags?post=3118"}],"curies":[{"name":"wp","href":"https:\/\/api.w.org\/{rel}","templated":true}]}}