{"id":3124,"date":"2025-04-26T15:07:05","date_gmt":"2025-04-26T13:07:05","guid":{"rendered":"https:\/\/periodicolarepublica.com\/?p=3124"},"modified":"2025-04-26T15:07:05","modified_gmt":"2025-04-26T13:07:05","slug":"el-impacto-y-beneficios-del-programa-mas-salud","status":"publish","type":"post","link":"https:\/\/periodicolarepublica.com\/index.php\/2025\/04\/26\/el-impacto-y-beneficios-del-programa-mas-salud\/","title":{"rendered":"El Impacto y Beneficios del Programa \u00abM\u00e1s Salud\u00bb"},"content":{"rendered":"<p>El programa \u00abM\u00e1s Salud\u00bb, encabezado por el Ministro de Salud P\u00fablica, Dr. V\u00edctor Atallah, se ha convertido en una iniciativa fundamental para llevar atenci\u00f3n m\u00e9dica a las comunidades m\u00e1s necesitadas en nuestro pa\u00eds. Desde su lanzamiento, ha recorrido ya cuatro provincias, brindando un acceso vital a servicios de salud para la poblaci\u00f3n humilde y de bajos recursos. Este esfuerzo no solo busca mejorar la salud f\u00edsica de los ciudadanos, sino tambi\u00e9n su bienestar integral.<\/p>\n<p>&nbsp;<\/p>\n<p>Uno de los principales beneficios de \u00abM\u00e1s Salud\u00bb es la promoci\u00f3n de chequeos m\u00e9dicos regulares. Estos ex\u00e1menes permiten la detecci\u00f3n temprana de enfermedades, lo que es crucial para el tratamiento efectivo y la prevenci\u00f3n de complicaciones. Al facilitar el acceso a estos servicios, el programa est\u00e1 ayudando a reducir las tasas de morbilidad en poblaciones vulnerables.<\/p>\n<p>&nbsp;<\/p>\n<p>La salud mental es otro pilar importante del programa. En un contexto donde los problemas de salud mental son cada vez m\u00e1s visibles, ofrecer consultas y apoyo psicol\u00f3gico es esencial. El programa no solo proporciona atenci\u00f3n m\u00e9dica, sino que tambi\u00e9n aborda aspectos emocionales y psicosociales, lo que contribuye a un enfoque m\u00e1s hol\u00edstico de la salud.<\/p>\n<p>&nbsp;<\/p>\n<p>Adem\u00e1s, \u00abM\u00e1s Salud\u00bb incluye charlas educativas sobre alimentaci\u00f3n y h\u00e1bitos saludables. Estas sesiones informativas capacitan a la poblaci\u00f3n para tomar decisiones m\u00e1s conscientes sobre su salud, promoviendo estilos de vida que previenen enfermedades cr\u00f3nicas como la diabetes y la hipertensi\u00f3n. La educaci\u00f3n es una herramienta poderosa para empoderar a las comunidades.<\/p>\n<p>&nbsp;<\/p>\n<p>El compromiso del Dr. Atallah con el pueblo ha sido evidente en cada una de sus presentaciones. Su satisfacci\u00f3n al ver la afluencia de personas al programa refleja el impacto positivo que tiene en la comunidad. Al escuchar las necesidades y preocupaciones de la poblaci\u00f3n, el ministro reafirma su compromiso de seguir expandiendo este programa a todas las provincias del pa\u00eds.<\/p>\n<p>&nbsp;<\/p>\n<p>El feedback de los beneficiarios ha sido abrumadoramente positivo. Muchos han expresado su agradecimiento por la atenci\u00f3n recibida y la importancia de contar con servicios m\u00e9dicos accesibles. Esta respuesta demuestra que hay una necesidad real y urgente de programas como \u00abM\u00e1s Salud\u00bb, que atiendan a los sectores m\u00e1s vulnerables.<\/p>\n<p>&nbsp;<\/p>\n<p>A medida que el programa se expande, se espera que contin\u00fae mejorando la salud general de la poblaci\u00f3n. La visi\u00f3n del Dr. Atallah de llevar salud a todos los rincones del pa\u00eds es ambiciosa, pero necesaria. Cada nueva provincia que se incorpora al programa representa una oportunidad para cambiar vidas y mejorar la calidad de vida de miles de ciudadanos.<\/p>\n<p>&nbsp;<\/p>\n<p>La colaboraci\u00f3n con organizaciones locales y profesionales de la salud tambi\u00e9n es un aspecto clave de \u00abM\u00e1s Salud\u00bb. Este trabajo conjunto no solo optimiza los recursos, sino que tambi\u00e9n fortalece la red de atenci\u00f3n en salud, asegurando que los beneficiarios reciban un servicio integral y de calidad.<\/p>\n<p>&nbsp;<\/p>\n<p>En conclusi\u00f3n, el programa \u00abM\u00e1s Salud\u00bb est\u00e1 marcando una diferencia significativa en la vida de muchas personas. Ofrecer servicios m\u00e9dicos accesibles, atenci\u00f3n a la salud mental y educaci\u00f3n en salud son pasos cruciales para construir una sociedad m\u00e1s saludable y equitativa. La labor del Dr. V\u00edctor Atallah es un ejemplo de c\u00f3mo la voluntad pol\u00edtica puede traducirse en mejoras tangibles para los m\u00e1s necesitados. A medida que el programa avanza, la esperanza es que contin\u00fae expandi\u00e9ndose y beneficiando a la poblaci\u00f3n en su conjunto.<img loading=\"lazy\" decoding=\"async\" class=\"size-medium wp-image-2882 alignright\" src=\"https:\/\/periodicolarepublica.com\/wp-content\/uploads\/2025\/03\/IMG-20250321-WA0441-300x200.jpg\" alt=\"\" width=\"300\" height=\"200\" srcset=\"https:\/\/periodicolarepublica.com\/wp-content\/uploads\/2025\/03\/IMG-20250321-WA0441-300x200.jpg?v=1742583780 300w, https:\/\/periodicolarepublica.com\/wp-content\/uploads\/2025\/03\/IMG-20250321-WA0441-1024x683.jpg?v=1742583780 1024w, https:\/\/periodicolarepublica.com\/wp-content\/uploads\/2025\/03\/IMG-20250321-WA0441-768x512.jpg?v=1742583780 768w, https:\/\/periodicolarepublica.com\/wp-content\/uploads\/2025\/03\/IMG-20250321-WA0441-1536x1024.jpg?v=1742583780 1536w, https:\/\/periodicolarepublica.com\/wp-content\/uploads\/2025\/03\/IMG-20250321-WA0441-2048x1365.jpg?v=1742583780 2048w, https:\/\/periodicolarepublica.com\/wp-content\/uploads\/2025\/03\/IMG-20250321-WA0441-150x100.jpg?v=1742583780 150w, https:\/\/periodicolarepublica.com\/wp-content\/uploads\/2025\/03\/IMG-20250321-WA0441-600x400.jpg?v=1742583780 600w, https:\/\/periodicolarepublica.com\/wp-content\/uploads\/2025\/03\/IMG-20250321-WA0441-696x464.jpg?v=1742583780 696w, https:\/\/periodicolarepublica.com\/wp-content\/uploads\/2025\/03\/IMG-20250321-WA0441-1392x928.jpg?v=1742583780 1392w, https:\/\/periodicolarepublica.com\/wp-content\/uploads\/2025\/03\/IMG-20250321-WA0441-1068x712.jpg?v=1742583780 1068w, https:\/\/periodicolarepublica.com\/wp-content\/uploads\/2025\/03\/IMG-20250321-WA0441-1920x1280.jpg?v=1742583780 1920w\" sizes=\"auto, (max-width: 300px) 100vw, 300px\" \/><\/p>\n","protected":false},"excerpt":{"rendered":"<p>El programa \u00abM\u00e1s Salud\u00bb, encabezado por el Ministro de Salud P\u00fablica, Dr. V\u00edctor Atallah, se ha convertido en una iniciativa fundamental para llevar atenci\u00f3n m\u00e9dica a las comunidades m\u00e1s necesitadas en nuestro pa\u00eds. Desde su lanzamiento, ha recorrido ya cuatro provincias, brindando un acceso vital a servicios de salud para la poblaci\u00f3n humilde y de [&hellip;]<\/p>\n","protected":false},"author":10,"featured_media":2882,"comment_status":"open","ping_status":"open","sticky":false,"template":"","format":"standard","meta":{"om_disable_all_campaigns":false,"_monsterinsights_skip_tracking":false,"_monsterinsights_sitenote_active":false,"_monsterinsights_sitenote_note":"","_monsterinsights_sitenote_category":0,"footnotes":""},"categories":[1],"tags":[159],"class_list":{"0":"post-3124","1":"post","2":"type-post","3":"status-publish","4":"format-standard","5":"has-post-thumbnail","7":"category-nacionales","8":"tag-ministro-de-salud-publica-victor-atallah"},"aioseo_notices":[],"_links":{"self":[{"href":"https:\/\/periodicolarepublica.com\/index.php\/wp-json\/wp\/v2\/posts\/3124","targetHints":{"allow":["GET"]}}],"collection":[{"href":"https:\/\/periodicolarepublica.com\/index.php\/wp-json\/wp\/v2\/posts"}],"about":[{"href":"https:\/\/periodicolarepublica.com\/index.php\/wp-json\/wp\/v2\/types\/post"}],"author":[{"embeddable":true,"href":"https:\/\/periodicolarepublica.com\/index.php\/wp-json\/wp\/v2\/users\/10"}],"replies":[{"embeddable":true,"href":"https:\/\/periodicolarepublica.com\/index.php\/wp-json\/wp\/v2\/comments?post=3124"}],"version-history":[{"count":1,"href":"https:\/\/periodicolarepublica.com\/index.php\/wp-json\/wp\/v2\/posts\/3124\/revisions"}],"predecessor-version":[{"id":3125,"href":"https:\/\/periodicolarepublica.com\/index.php\/wp-json\/wp\/v2\/posts\/3124\/revisions\/3125"}],"wp:featuredmedia":[{"embeddable":true,"href":"https:\/\/periodicolarepublica.com\/index.php\/wp-json\/wp\/v2\/media\/2882"}],"wp:attachment":[{"href":"https:\/\/periodicolarepublica.com\/index.php\/wp-json\/wp\/v2\/media?parent=3124"}],"wp:term":[{"taxonomy":"category","embeddable":true,"href":"https:\/\/periodicolarepublica.com\/index.php\/wp-json\/wp\/v2\/categories?post=3124"},{"taxonomy":"post_tag","embeddable":true,"href":"https:\/\/periodicolarepublica.com\/index.php\/wp-json\/wp\/v2\/tags?post=3124"}],"curies":[{"name":"wp","href":"https:\/\/api.w.org\/{rel}","templated":true}]}}