{"id":3127,"date":"2025-04-27T01:34:33","date_gmt":"2025-04-26T23:34:33","guid":{"rendered":"https:\/\/periodicolarepublica.com\/?p=3127"},"modified":"2025-04-27T01:34:33","modified_gmt":"2025-04-26T23:34:33","slug":"vicepresidenta-deja-en-funcionamiento-hospital-municipal-el-factor-y-cpn-en-maria-trinidad-sanchez","status":"publish","type":"post","link":"https:\/\/periodicolarepublica.com\/index.php\/2025\/04\/27\/vicepresidenta-deja-en-funcionamiento-hospital-municipal-el-factor-y-cpn-en-maria-trinidad-sanchez\/","title":{"rendered":"Vicepresidenta deja en funcionamiento Hospital Municipal El Factor y CPN en Mar\u00eda Trinidad S\u00e1nchez"},"content":{"rendered":"<p>Mar\u00eda Trinidad S\u00e1nchez. &#8211; La vicepresidenta, Raquel Pe\u00f1a y el director ejecutivo del Servicio Nacional de Salud (SNS), doctor Mario Lama, dejaron en funcionamiento este s\u00e1bado el Hospital Municipal El Factor y el Centro de Primer Nivel (CPN) Arroyo al Medio, con una inversi\u00f3n conjunta de RD$77,175,499.77<\/p>\n<p>Las dos obras de salud beneficiar\u00e1n a m\u00e1s de 38 mil habitantes, quienes recibir\u00e1n servicios de sanitarios en espacios dignos, con equipos de \u00faltima tecnolog\u00eda y con todo el personal asistencial y administrativo requerido.<\/p>\n<p>La vicemandataria resalt\u00f3 que garantizar el acceso a una atenci\u00f3n m\u00e9dica digna \u00abEs un compromiso inquebrantable con la vida, la esperanza y el futuro de la gente\u00bb.<\/p>\n<p>Raquel Pe\u00f1a destac\u00f3 que ahora ambos centros cuentan con tecnolog\u00eda moderna, espacios adecuados y condiciones que permitir\u00e1n al personal m\u00e9dico ejercer su labor con excelencia y que la poblaci\u00f3n reciba calidad en el servicio.<\/p>\n<p>De su lado, el director ejecutivo del SNS, Mario Lama, expres\u00f3 que la entrega de estas dos obras representa un paso firme hacia el mejoramiento de los servicios de salud en Mar\u00eda Trinidad S\u00e1nchez, donde se han inaugurado, fortalecido y equipado seis hospitales en la gesti\u00f3n del presidente Abinader, como el Virgilio Garc\u00eda en Cabrera, Municipal Luis Bonilla Castillo en Matancita, Municipal Desiderio Acosta en R\u00edo San Juan, Provincial Antonio Yaport en Nagua y a estos hoy se suma el Hospital Municipal El Factor.<\/p>\n<p><img loading=\"lazy\" decoding=\"async\" class=\"alignnone size-medium wp-image-3128\" src=\"https:\/\/periodicolarepublica.com\/wp-content\/uploads\/2025\/04\/IMG_20250426_193245-300x176.jpg\" alt=\"\" width=\"300\" height=\"176\" srcset=\"https:\/\/periodicolarepublica.com\/wp-content\/uploads\/2025\/04\/IMG_20250426_193245-300x176.jpg 300w, https:\/\/periodicolarepublica.com\/wp-content\/uploads\/2025\/04\/IMG_20250426_193245-150x88.jpg 150w, https:\/\/periodicolarepublica.com\/wp-content\/uploads\/2025\/04\/IMG_20250426_193245-600x351.jpg 600w, https:\/\/periodicolarepublica.com\/wp-content\/uploads\/2025\/04\/IMG_20250426_193245.jpg 673w\" sizes=\"auto, (max-width: 300px) 100vw, 300px\" \/><\/p>\n","protected":false},"excerpt":{"rendered":"<p>Mar\u00eda Trinidad S\u00e1nchez. &#8211; La vicepresidenta, Raquel Pe\u00f1a y el director ejecutivo del Servicio Nacional de Salud (SNS), doctor Mario Lama, dejaron en funcionamiento este s\u00e1bado el Hospital Municipal El Factor y el Centro de Primer Nivel (CPN) Arroyo al Medio, con una inversi\u00f3n conjunta de RD$77,175,499.77 Las dos obras de salud beneficiar\u00e1n a m\u00e1s [&hellip;]<\/p>\n","protected":false},"author":6,"featured_media":3128,"comment_status":"open","ping_status":"open","sticky":false,"template":"","format":"standard","meta":{"om_disable_all_campaigns":false,"_monsterinsights_skip_tracking":false,"_monsterinsights_sitenote_active":false,"_monsterinsights_sitenote_note":"","_monsterinsights_sitenote_category":0,"footnotes":""},"categories":[1],"tags":[272,338],"class_list":{"0":"post-3127","1":"post","2":"type-post","3":"status-publish","4":"format-standard","5":"has-post-thumbnail","7":"category-nacionales","8":"tag-dr-mario-lama","9":"tag-mario-lama"},"aioseo_notices":[],"_links":{"self":[{"href":"https:\/\/periodicolarepublica.com\/index.php\/wp-json\/wp\/v2\/posts\/3127","targetHints":{"allow":["GET"]}}],"collection":[{"href":"https:\/\/periodicolarepublica.com\/index.php\/wp-json\/wp\/v2\/posts"}],"about":[{"href":"https:\/\/periodicolarepublica.com\/index.php\/wp-json\/wp\/v2\/types\/post"}],"author":[{"embeddable":true,"href":"https:\/\/periodicolarepublica.com\/index.php\/wp-json\/wp\/v2\/users\/6"}],"replies":[{"embeddable":true,"href":"https:\/\/periodicolarepublica.com\/index.php\/wp-json\/wp\/v2\/comments?post=3127"}],"version-history":[{"count":1,"href":"https:\/\/periodicolarepublica.com\/index.php\/wp-json\/wp\/v2\/posts\/3127\/revisions"}],"predecessor-version":[{"id":3129,"href":"https:\/\/periodicolarepublica.com\/index.php\/wp-json\/wp\/v2\/posts\/3127\/revisions\/3129"}],"wp:featuredmedia":[{"embeddable":true,"href":"https:\/\/periodicolarepublica.com\/index.php\/wp-json\/wp\/v2\/media\/3128"}],"wp:attachment":[{"href":"https:\/\/periodicolarepublica.com\/index.php\/wp-json\/wp\/v2\/media?parent=3127"}],"wp:term":[{"taxonomy":"category","embeddable":true,"href":"https:\/\/periodicolarepublica.com\/index.php\/wp-json\/wp\/v2\/categories?post=3127"},{"taxonomy":"post_tag","embeddable":true,"href":"https:\/\/periodicolarepublica.com\/index.php\/wp-json\/wp\/v2\/tags?post=3127"}],"curies":[{"name":"wp","href":"https:\/\/api.w.org\/{rel}","templated":true}]}}