{"id":3130,"date":"2025-04-27T18:22:10","date_gmt":"2025-04-27T16:22:10","guid":{"rendered":"https:\/\/periodicolarepublica.com\/?p=3130"},"modified":"2025-04-27T18:22:10","modified_gmt":"2025-04-27T16:22:10","slug":"ministro-de-salud-inspecciona-centros-educativos-en-provincia-duarte","status":"publish","type":"post","link":"https:\/\/periodicolarepublica.com\/index.php\/2025\/04\/27\/ministro-de-salud-inspecciona-centros-educativos-en-provincia-duarte\/","title":{"rendered":"Ministro de Salud inspecciona centros educativos en provincia Duarte"},"content":{"rendered":"<p>PROVINCIA DUARTE.- El ministro de Salud P\u00fablica, V\u00edctor Atallah, encabez\u00f3 este s\u00e1bado un amplio recorrido por distintos centros educativos de la provincia Duarte, municipio San Francisco de Macor\u00eds, como parte del segundo encuentro del programa \u201cEl Gobierno en las Provincias\u201d.<\/p>\n<p>&nbsp;<\/p>\n<p>&nbsp;<\/p>\n<p>Esta jornada estuvo orientada a supervisar y escuchar las necesidades comunitarias en materia de servicios b\u00e1sicos, en coordinaci\u00f3n con autoridades locales y otros funcionarios del gobierno central.<\/p>\n<p>&nbsp;<\/p>\n<p>&nbsp;<\/p>\n<p>&nbsp;<\/p>\n<p>Atallah, junto a la gobernadora provincial Ana Xiomara Cort\u00e9s, realiz\u00f3 visitas a cinco planteles escolares considerados prioritarios por su impacto en la comunidad, entre ellos el Polit\u00e9cnico Manuel Mar\u00eda Castillo, centros de los distritos educativos 07-05 y 07-06, y el centro educativo Pedro Brea. Durante el recorrido, el ministro escuch\u00f3 las inquietudes de directivos, docentes y l\u00edderes comunitarios sobre temas de infraestructura, equipamiento y condiciones de los planteles.<\/p>\n<p>&nbsp;<\/p>\n<p>&nbsp;<\/p>\n<p>El titular de Salud destac\u00f3 que su participaci\u00f3n, forma parte de una visi\u00f3n de gobierno integral. \u201cEste tipo de encuentros permiten articular esfuerzos interinstitucionales, para brindar respuestas m\u00e1s r\u00e1pidas y efectivas a las necesidades reales de la poblaci\u00f3n. Hoy supervisamos escuelas, pero tambi\u00e9n recogemos demandas relacionadas a salud, agua potable, saneamiento y caminos vecinales\u201d, expres\u00f3.<\/p>\n<p>&nbsp;<\/p>\n<p>&nbsp;<\/p>\n<p>Eje educativo como prioridad<\/p>\n<p>&nbsp;<\/p>\n<p>&nbsp;<\/p>\n<p>La jornada tuvo como eje central el fortalecimiento del sistema educativo dominicano en todos sus niveles. Representantes del Ministerio de Educaci\u00f3n (MINERD), del Ministerio de Educaci\u00f3n Superior, Ciencia y Tecnolog\u00eda (MESCyT) y del Instituto Nacional de Formaci\u00f3n T\u00e9cnico Profesional (INFOTEP) presentaron los avances alcanzados, estad\u00edsticas recientes y planes para el pr\u00f3ximo a\u00f1o escolar 2025-2026.<\/p>\n<p>&nbsp;<\/p>\n<p>&nbsp;<\/p>\n<p>El MINERD abord\u00f3 la planificaci\u00f3n y programas prioritarios bajo el enfoque de la escuela como centro de desarrollo, mientras que MESCyT e INFOTEP compartieron propuestas para reducir brechas entre la oferta acad\u00e9mica y las necesidades del mercado laboral local. Adem\u00e1s, se realizaron mesas de trabajo con l\u00edderes comunitarios para alinear las estrategias de formaci\u00f3n t\u00e9cnica con las oportunidades reales de empleo.<\/p>\n<p>&nbsp;<\/p>\n<p>Seguimiento a compromisos y obras locales<\/p>\n<p>&nbsp;<\/p>\n<p>En este segundo encuentro del programa \u201cEl Gobierno en las Provincias\u201d, funcionarios tambi\u00e9n dieron seguimiento a los compromisos asumidos durante la primera jornada, incluyendo proyectos de infraestructura vial, mejoramiento del sistema de alcantarillado, y rehabilitaci\u00f3n de las emergencias de los hospitales municipales Dr. Mario Fern\u00e1ndez Mena y Alicia de Legendre.<\/p>\n<p>&nbsp;<\/p>\n<p>Los equipos t\u00e9cnicos del Ministerio de la Presidencia (Minpre) y del Ministerio de Econom\u00eda, Planificaci\u00f3n y Desarrollo (Mepyd) coordinaron un proceso de validaci\u00f3n y priorizaci\u00f3n de demandas comunitarias levantadas en el terreno, con el objetivo de establecer planes de acci\u00f3n realistas y medibles.<\/p>\n<p>&nbsp;<\/p>\n<p>&nbsp;<\/p>\n<p>&nbsp;<\/p>\n<p>Compromiso con la comunidad<\/p>\n<p>&nbsp;<\/p>\n<p>El ministro reiter\u00f3 que este modelo de gesti\u00f3n buscar acercar el gobierno a la gente, \u201cEste tipo de ejercicio es esencial para establecer mejores v\u00ednculos entre la comunidad y el gobierno, llevando espacios de acercamiento que permitan conocer de cerca las necesidades de los moradores en cada demarcaci\u00f3n, siendo esa la intenci\u00f3n del presidente Luis Abinader de buscar respuestas r\u00e1pidas y eficaz a las necesidades de la poblaci\u00f3n\u201d. Indic\u00f3.<\/p>\n<p>&nbsp;<\/p>\n<p>Mientras, la gobernadora provincial, al dar la bienvenida dio las gracias al titular de Salud, por sus esfuerzos y dedicaci\u00f3n en dar cumplimiento al mandato presidencial de que los problemas prioritarios en esta provincia se resuelvan lo m\u00e1s pronto posible, en busca de hacer un mejor y m\u00e1s eficiente gesti\u00f3n de gobierno.<\/p>\n<p>&nbsp;<\/p>\n<p>Por el Infotep, su representante Fernelis Berihuete, destac\u00f3 los logros destacados en esta provincia y detall\u00f3 los logros alcanzados durante los \u00faltimos tres a\u00f1os, donde m\u00e1s de 65 mil personas han participado recibiendo capacitaciones y formaciones t\u00e9cnicas en diferentes \u00e1reas, entre otros fortalecimientos para colocar a los participantes en el mercado laborar.<\/p>\n<p>&nbsp;<\/p>\n<p>Mientras, Wilson Ortega, representante del Ministerio de Educaci\u00f3n detall\u00f3 las acciones<\/p>\n<p>&nbsp;<\/p>\n<p>realizadas durante el a\u00f1o 2024 y lo que va del presente a\u00f1o, adem\u00e1s present\u00f3 los programas prioritarios de la instituci\u00f3n.<\/p>\n<p>&nbsp;<\/p>\n<p>Durante la jornada tambi\u00e9n participaron los viceministros Luis Rosario del Ministerio de Salud, Francisco D\u2019Oleo de Educaci\u00f3n, el director del Gabinete de Salud Alan Est\u00e9vez, el director del Indrhi Olmedo Caba, el senador Franklin Romero Morillo, el alcalde Alex D\u00edaz, la diputada Yani Ventura y otros representantes.<img loading=\"lazy\" decoding=\"async\" class=\"size-medium wp-image-3131 alignright\" src=\"https:\/\/periodicolarepublica.com\/wp-content\/uploads\/2025\/04\/IMG-20250427-WA0260-240x300.jpg\" alt=\"\" width=\"240\" height=\"300\" \/><\/p>\n","protected":false},"excerpt":{"rendered":"<p>PROVINCIA DUARTE.- El ministro de Salud P\u00fablica, V\u00edctor Atallah, encabez\u00f3 este s\u00e1bado un amplio recorrido por distintos centros educativos de la provincia Duarte, municipio San Francisco de Macor\u00eds, como parte del segundo encuentro del programa \u201cEl Gobierno en las Provincias\u201d. &nbsp; &nbsp; Esta jornada estuvo orientada a supervisar y escuchar las necesidades comunitarias en materia [&hellip;]<\/p>\n","protected":false},"author":10,"featured_media":0,"comment_status":"open","ping_status":"open","sticky":false,"template":"","format":"standard","meta":{"om_disable_all_campaigns":false,"_monsterinsights_skip_tracking":false,"_monsterinsights_sitenote_active":false,"_monsterinsights_sitenote_note":"","_monsterinsights_sitenote_category":0,"footnotes":""},"categories":[1],"tags":[],"class_list":{"0":"post-3130","1":"post","2":"type-post","3":"status-publish","4":"format-standard","6":"category-nacionales"},"aioseo_notices":[],"_links":{"self":[{"href":"https:\/\/periodicolarepublica.com\/index.php\/wp-json\/wp\/v2\/posts\/3130","targetHints":{"allow":["GET"]}}],"collection":[{"href":"https:\/\/periodicolarepublica.com\/index.php\/wp-json\/wp\/v2\/posts"}],"about":[{"href":"https:\/\/periodicolarepublica.com\/index.php\/wp-json\/wp\/v2\/types\/post"}],"author":[{"embeddable":true,"href":"https:\/\/periodicolarepublica.com\/index.php\/wp-json\/wp\/v2\/users\/10"}],"replies":[{"embeddable":true,"href":"https:\/\/periodicolarepublica.com\/index.php\/wp-json\/wp\/v2\/comments?post=3130"}],"version-history":[{"count":1,"href":"https:\/\/periodicolarepublica.com\/index.php\/wp-json\/wp\/v2\/posts\/3130\/revisions"}],"predecessor-version":[{"id":3132,"href":"https:\/\/periodicolarepublica.com\/index.php\/wp-json\/wp\/v2\/posts\/3130\/revisions\/3132"}],"wp:attachment":[{"href":"https:\/\/periodicolarepublica.com\/index.php\/wp-json\/wp\/v2\/media?parent=3130"}],"wp:term":[{"taxonomy":"category","embeddable":true,"href":"https:\/\/periodicolarepublica.com\/index.php\/wp-json\/wp\/v2\/categories?post=3130"},{"taxonomy":"post_tag","embeddable":true,"href":"https:\/\/periodicolarepublica.com\/index.php\/wp-json\/wp\/v2\/tags?post=3130"}],"curies":[{"name":"wp","href":"https:\/\/api.w.org\/{rel}","templated":true}]}}