{"id":3136,"date":"2025-04-29T01:26:36","date_gmt":"2025-04-28T23:26:36","guid":{"rendered":"https:\/\/periodicolarepublica.com\/?p=3136"},"modified":"2025-04-29T01:26:36","modified_gmt":"2025-04-28T23:26:36","slug":"lic-juan-taveras-de-oleo-recibe-el-reconocimiento-internacional-awards-ditokado-kf-2025","status":"publish","type":"post","link":"https:\/\/periodicolarepublica.com\/index.php\/2025\/04\/29\/lic-juan-taveras-de-oleo-recibe-el-reconocimiento-internacional-awards-ditokado-kf-2025\/","title":{"rendered":"Lic. Juan Taveras de Oleo recibe el Reconocimiento Internacional Awards Ditokado KF 2025"},"content":{"rendered":"<p>Rep\u00fablica Dominicana. \u2013 El destacado psic\u00f3logo cl\u00ednico, comunicador, pastor y editor, Lic. Juan Taveras de Oleo, fue galardonado con el Reconocimiento Internacional Awards Ditokado KF 2025, en m\u00e9rito a su trayectoria de servicio y compromiso con la construcci\u00f3n de una sociedad m\u00e1s humana, informada y consciente.<\/p>\n<p>La entrega del reconocimiento estuvo a cargo de Abigail Tobar, directora y CEO de Medios Internacionales, quien cada a\u00f1o lidera este importante evento para valorar el trabajo y la dedicaci\u00f3n de grandes talentos a nivel mundial.<\/p>\n<p>Durante la ceremonia, el Lic. Juan Taveras de Oleo expres\u00f3:<br \/>\n\u00abRecibo este reconocimiento con profunda humildad, dedic\u00e1ndolo a todos los que trabajan incansablemente para hacer de este mundo un lugar mejor. Este galard\u00f3n representa para m\u00ed un compromiso renovado de seguir sirviendo desde la psicolog\u00eda, la comunicaci\u00f3n y la labor pastoral.\u00bb<\/p>\n<p>El Licenciado Juan Taveras de Oleo es director del peri\u00f3dico Tiempos Finales y de la emisora Radio Tiempos Finales, plataformas a trav\u00e9s de las cuales ha contribuido a la promoci\u00f3n de la conciencia social, la salud mental y los valores cristianos en la Rep\u00fablica Dominicana y otros pa\u00edses.<\/p>\n<p>Con este nuevo reconocimiento, el Lic. Taveras de Oleo reafirma su compromiso de seguir trabajando a favor del bienestar emocional, la verdad y la fe en tiempos de grandes desaf\u00edos sociales.<img loading=\"lazy\" decoding=\"async\" class=\"size-medium wp-image-3137 alignright\" src=\"https:\/\/periodicolarepublica.com\/wp-content\/uploads\/2025\/04\/IMG-20250428-WA0658-225x300.jpg\" alt=\"\" width=\"225\" height=\"300\" \/><\/p>\n","protected":false},"excerpt":{"rendered":"<p>Rep\u00fablica Dominicana. \u2013 El destacado psic\u00f3logo cl\u00ednico, comunicador, pastor y editor, Lic. Juan Taveras de Oleo, fue galardonado con el Reconocimiento Internacional Awards Ditokado KF 2025, en m\u00e9rito a su trayectoria de servicio y compromiso con la construcci\u00f3n de una sociedad m\u00e1s humana, informada y consciente. La entrega del reconocimiento estuvo a cargo de Abigail [&hellip;]<\/p>\n","protected":false},"author":10,"featured_media":0,"comment_status":"open","ping_status":"open","sticky":false,"template":"","format":"standard","meta":{"om_disable_all_campaigns":false,"_monsterinsights_skip_tracking":false,"_monsterinsights_sitenote_active":false,"_monsterinsights_sitenote_note":"","_monsterinsights_sitenote_category":0,"footnotes":""},"categories":[1],"tags":[],"class_list":{"0":"post-3136","1":"post","2":"type-post","3":"status-publish","4":"format-standard","6":"category-nacionales"},"aioseo_notices":[],"_links":{"self":[{"href":"https:\/\/periodicolarepublica.com\/index.php\/wp-json\/wp\/v2\/posts\/3136","targetHints":{"allow":["GET"]}}],"collection":[{"href":"https:\/\/periodicolarepublica.com\/index.php\/wp-json\/wp\/v2\/posts"}],"about":[{"href":"https:\/\/periodicolarepublica.com\/index.php\/wp-json\/wp\/v2\/types\/post"}],"author":[{"embeddable":true,"href":"https:\/\/periodicolarepublica.com\/index.php\/wp-json\/wp\/v2\/users\/10"}],"replies":[{"embeddable":true,"href":"https:\/\/periodicolarepublica.com\/index.php\/wp-json\/wp\/v2\/comments?post=3136"}],"version-history":[{"count":1,"href":"https:\/\/periodicolarepublica.com\/index.php\/wp-json\/wp\/v2\/posts\/3136\/revisions"}],"predecessor-version":[{"id":3138,"href":"https:\/\/periodicolarepublica.com\/index.php\/wp-json\/wp\/v2\/posts\/3136\/revisions\/3138"}],"wp:attachment":[{"href":"https:\/\/periodicolarepublica.com\/index.php\/wp-json\/wp\/v2\/media?parent=3136"}],"wp:term":[{"taxonomy":"category","embeddable":true,"href":"https:\/\/periodicolarepublica.com\/index.php\/wp-json\/wp\/v2\/categories?post=3136"},{"taxonomy":"post_tag","embeddable":true,"href":"https:\/\/periodicolarepublica.com\/index.php\/wp-json\/wp\/v2\/tags?post=3136"}],"curies":[{"name":"wp","href":"https:\/\/api.w.org\/{rel}","templated":true}]}}