{"id":3139,"date":"2025-04-29T21:29:10","date_gmt":"2025-04-29T19:29:10","guid":{"rendered":"https:\/\/periodicolarepublica.com\/?p=3139"},"modified":"2025-04-29T21:29:10","modified_gmt":"2025-04-29T19:29:10","slug":"gobierno-anuncia-aumento-salarial-de-un-25-al-sector-zonas-francas-industriales","status":"publish","type":"post","link":"https:\/\/periodicolarepublica.com\/index.php\/2025\/04\/29\/gobierno-anuncia-aumento-salarial-de-un-25-al-sector-zonas-francas-industriales\/","title":{"rendered":"Gobierno anuncia aumento salarial de un 25 % al sector zonas francas industriales"},"content":{"rendered":"<p>El ministro de Trabajo, Eddy Olivares Ortega, afirm\u00f3 que es mayor aumento en la historia que se aplica a los trabajadores del sector, en beneficio de la mejora de su calidad de vida.<\/p>\n<p>Santo Domingo.- El Gobierno, a trav\u00e9s del Ministerio de Trabajo y el Comit\u00e9 Nacional de Salarios (CNS), anunci\u00f3 un aumento de un 25 % sobre el salario m\u00ednimo nacional para los trabajadores del sector de zonas francas industriales.<\/p>\n<p>El aumento ser\u00e1 aplicado en dos partidas, un 13 % se aplicar\u00e1 a partir del pr\u00f3ximo 1 de junio de este a\u00f1o y un 12 % restante a partir del 1 de junio del a\u00f1o 2026, anunci\u00f3 el ministro de Trabajo, Eddy Olivares Ortega.<\/p>\n<p>\u201cSe trata de un incremento significativo y el mayor de la historia para los trabajadores y las trabajadoras de zona franca que va en beneficio de la mejora de su calidad de vida\u201d, afirm\u00f3 el funcionario.<\/p>\n<p>Agreg\u00f3 que el aumento se enmarca dentro del prop\u00f3sito del gobierno y un tema muy especial para el presidente de la Rep\u00fablica, Luis Abinader, que le ha dado como ustedes saben, un seguimiento personal especial al tema de los salarios.<\/p>\n<p>Destac\u00f3 que esta decisi\u00f3n busca garantizar empleos dignos y salarios justos, en cumplimiento con el C\u00f3digo de Trabajo y como parte del compromiso del mandatario con la mejora de las condiciones laborales.<\/p>\n<p>El ministro de Trabajo se\u00f1al\u00f3 que el salario m\u00ednimo es un derecho fundamental, y reafirm\u00f3 que el gobierno seguir\u00e1 impulsando pol\u00edticas que dignifiquen el trabajo en todos los sectores productivos del pa\u00eds.<\/p>\n<p>De su lado, Jos\u00e9 Manuel Torres, vicepresidente ejecutivo de Asociaci\u00f3n Dominicana de Zonas Francas (ADOZONA), expres\u00f3 que este aumento del 25 % demuestra el alto compromiso social con un sector como este de las zonas francas, que se encuentra en un buen momento en la actual coyuntura internacional.<\/p>\n<p>\u201cReconocemos la identificaci\u00f3n que tiene el Presidente de la Rep\u00fablica con este sector, y los ministros de Trabajo y de Industria, Comercio y Mipymes, con quienes agotamos una agenda proactiva para aprovechar las oportunidades del mercado\u201d, agreg\u00f3 Torres.<\/p>\n<p>En tanto que Rafael -Pepe- Abreu, representante del sector sindical, manifest\u00f3 que lo m\u00e1s importante de este anuncio es el ejemplo de que el tripartismo puede exhibirse en la Rep\u00fablica Dominicana, a pesar de la situaci\u00f3n internacional.<\/p>\n<p>\u201cEn un mundo que vive m\u00faltiples dificultades y en muchas zonas del hemisferio suenan tambores de guerra y conflictos armados, hemos llegado a un acuerdo positivo en un camino abierto a la participaci\u00f3n de los trabajadores y las riquezas que ellos contribuyen a crear con su esfuerzo y los empleadores con la inversi\u00f3n.<\/p>\n<p>En el encuentro estuvieron presentes Angel Mart\u00edn Mieses, presidente del Comit\u00e9 Nacional de Salarios; por ADOZONA, Andr\u00e9s Noboa, gerente legal y Manuel Batista, asesor laboral; y Santo S\u00e1nchez, de la Confederaci\u00f3n Nacional de Trabajadores Dominicanos (C.N.T.D), entre otros representantes del sector sindical.<img loading=\"lazy\" decoding=\"async\" class=\"size-medium wp-image-3140 alignright\" src=\"https:\/\/periodicolarepublica.com\/wp-content\/uploads\/2025\/04\/IMG-20250429-WA0523-300x177.jpg\" alt=\"\" width=\"300\" height=\"177\" srcset=\"https:\/\/periodicolarepublica.com\/wp-content\/uploads\/2025\/04\/IMG-20250429-WA0523-300x177.jpg?v=1745954936 300w, https:\/\/periodicolarepublica.com\/wp-content\/uploads\/2025\/04\/IMG-20250429-WA0523-1024x605.jpg?v=1745954936 1024w, https:\/\/periodicolarepublica.com\/wp-content\/uploads\/2025\/04\/IMG-20250429-WA0523-768x454.jpg?v=1745954936 768w, https:\/\/periodicolarepublica.com\/wp-content\/uploads\/2025\/04\/IMG-20250429-WA0523-1536x907.jpg?v=1745954936 1536w, https:\/\/periodicolarepublica.com\/wp-content\/uploads\/2025\/04\/IMG-20250429-WA0523-150x89.jpg?v=1745954936 150w, https:\/\/periodicolarepublica.com\/wp-content\/uploads\/2025\/04\/IMG-20250429-WA0523-600x354.jpg?v=1745954936 600w, https:\/\/periodicolarepublica.com\/wp-content\/uploads\/2025\/04\/IMG-20250429-WA0523-696x411.jpg?v=1745954936 696w, https:\/\/periodicolarepublica.com\/wp-content\/uploads\/2025\/04\/IMG-20250429-WA0523-1392x822.jpg?v=1745954936 1392w, https:\/\/periodicolarepublica.com\/wp-content\/uploads\/2025\/04\/IMG-20250429-WA0523-1068x631.jpg?v=1745954936 1068w, https:\/\/periodicolarepublica.com\/wp-content\/uploads\/2025\/04\/IMG-20250429-WA0523.jpg?v=1745954936 1600w\" sizes=\"auto, (max-width: 300px) 100vw, 300px\" \/><\/p>\n","protected":false},"excerpt":{"rendered":"<p>El ministro de Trabajo, Eddy Olivares Ortega, afirm\u00f3 que es mayor aumento en la historia que se aplica a los trabajadores del sector, en beneficio de la mejora de su calidad de vida. Santo Domingo.- El Gobierno, a trav\u00e9s del Ministerio de Trabajo y el Comit\u00e9 Nacional de Salarios (CNS), anunci\u00f3 un aumento de un [&hellip;]<\/p>\n","protected":false},"author":10,"featured_media":3140,"comment_status":"open","ping_status":"open","sticky":false,"template":"","format":"standard","meta":{"om_disable_all_campaigns":false,"_monsterinsights_skip_tracking":false,"_monsterinsights_sitenote_active":false,"_monsterinsights_sitenote_note":"","_monsterinsights_sitenote_category":0,"footnotes":""},"categories":[1],"tags":[],"class_list":{"0":"post-3139","1":"post","2":"type-post","3":"status-publish","4":"format-standard","5":"has-post-thumbnail","7":"category-nacionales"},"aioseo_notices":[],"_links":{"self":[{"href":"https:\/\/periodicolarepublica.com\/index.php\/wp-json\/wp\/v2\/posts\/3139","targetHints":{"allow":["GET"]}}],"collection":[{"href":"https:\/\/periodicolarepublica.com\/index.php\/wp-json\/wp\/v2\/posts"}],"about":[{"href":"https:\/\/periodicolarepublica.com\/index.php\/wp-json\/wp\/v2\/types\/post"}],"author":[{"embeddable":true,"href":"https:\/\/periodicolarepublica.com\/index.php\/wp-json\/wp\/v2\/users\/10"}],"replies":[{"embeddable":true,"href":"https:\/\/periodicolarepublica.com\/index.php\/wp-json\/wp\/v2\/comments?post=3139"}],"version-history":[{"count":1,"href":"https:\/\/periodicolarepublica.com\/index.php\/wp-json\/wp\/v2\/posts\/3139\/revisions"}],"predecessor-version":[{"id":3141,"href":"https:\/\/periodicolarepublica.com\/index.php\/wp-json\/wp\/v2\/posts\/3139\/revisions\/3141"}],"wp:featuredmedia":[{"embeddable":true,"href":"https:\/\/periodicolarepublica.com\/index.php\/wp-json\/wp\/v2\/media\/3140"}],"wp:attachment":[{"href":"https:\/\/periodicolarepublica.com\/index.php\/wp-json\/wp\/v2\/media?parent=3139"}],"wp:term":[{"taxonomy":"category","embeddable":true,"href":"https:\/\/periodicolarepublica.com\/index.php\/wp-json\/wp\/v2\/categories?post=3139"},{"taxonomy":"post_tag","embeddable":true,"href":"https:\/\/periodicolarepublica.com\/index.php\/wp-json\/wp\/v2\/tags?post=3139"}],"curies":[{"name":"wp","href":"https:\/\/api.w.org\/{rel}","templated":true}]}}