{"id":3142,"date":"2025-04-29T23:13:13","date_gmt":"2025-04-29T21:13:13","guid":{"rendered":"https:\/\/periodicolarepublica.com\/?p=3142"},"modified":"2025-04-29T23:13:13","modified_gmt":"2025-04-29T21:13:13","slug":"tomas-hernandez-alberto-defiende-la-politica-de-seguridad-ciudadana-del-presidente-luis-abinader-y-denuncia-manipulacion-de-la-oposicion","status":"publish","type":"post","link":"https:\/\/periodicolarepublica.com\/index.php\/2025\/04\/29\/tomas-hernandez-alberto-defiende-la-politica-de-seguridad-ciudadana-del-presidente-luis-abinader-y-denuncia-manipulacion-de-la-oposicion\/","title":{"rendered":"Tom\u00e1s Hern\u00e1ndez Alberto Defiende la Pol\u00edtica de Seguridad Ciudadana del Presidente Luis Abinader y Denuncia Manipulaci\u00f3n de la Oposici\u00f3n"},"content":{"rendered":"<p>Santo Domingo, \u2014 El Presidente del Movimiento poder P&#8217;AL Pueblo, Tom\u00e1s Hern\u00e1ndez Alberto expres\u00f3 este martes su firme respaldo a la pol\u00edtica de seguridad ciudadana implementada por el presidente Luis Abinader, al tiempo que cuestion\u00f3 con dureza a los partidos de oposici\u00f3n por intentar, seg\u00fan sus palabras, \u201csacar provecho pol\u00edtico de una situaci\u00f3n ya aclarada por las autoridades\u201d.<\/p>\n<p>&nbsp;<\/p>\n<p>Hern\u00e1ndez Alberto se\u00f1al\u00f3 que tanto la Fuerza del Pueblo como el Partido de la Liberaci\u00f3n Dominicana (PLD) \u201cno tienen calidad moral para criticar las acciones del gobierno en materia de seguridad\u201d, recordando que en sus respectivas gestiones \u201cpretendieron instaurar una dictadura encubierta y gobernaron de espaldas al pueblo\u201d.<\/p>\n<p>&nbsp;<\/p>\n<p>\u201cEl presidente Abinader ha demostrado un compromiso real con el bienestar de la ciudadan\u00eda. Est\u00e1 trabajando d\u00eda a d\u00eda para devolverle la paz a nuestras calles y garantizar los derechos de todos los dominicanos. Y ahora que hay un gobierno que se preocupa por su gente, quieren venir a distorsionar la verdad. Eso no lo vamos a permitir\u201d, afirm\u00f3.<\/p>\n<p>&nbsp;<\/p>\n<p>El dirigente llam\u00f3 a los sectores pol\u00edticos a actuar con responsabilidad y a no utilizar casos aislados para crear confusi\u00f3n en la opini\u00f3n p\u00fablica, especialmente cuando las autoridades han ofrecido explicaciones claras y oportunas.<\/p>\n<p>&nbsp;<\/p>\n<p>\u201cLa seguridad ciudadana es un tema de inter\u00e9s nacional que debe abordarse con seriedad. No es momento para politiquer\u00eda barata\u201d, concluy\u00f3.<img loading=\"lazy\" decoding=\"async\" class=\"size-medium wp-image-2113 alignright\" src=\"https:\/\/periodicolarepublica.com\/wp-content\/uploads\/2024\/11\/20241114_143150-300x254.jpg\" alt=\"\" width=\"300\" height=\"254\" srcset=\"https:\/\/periodicolarepublica.com\/wp-content\/uploads\/2024\/11\/20241114_143150-300x254.jpg?v=1731611062 300w, https:\/\/periodicolarepublica.com\/wp-content\/uploads\/2024\/11\/20241114_143150-150x127.jpg?v=1731611062 150w, https:\/\/periodicolarepublica.com\/wp-content\/uploads\/2024\/11\/20241114_143150-600x508.jpg?v=1731611062 600w, https:\/\/periodicolarepublica.com\/wp-content\/uploads\/2024\/11\/20241114_143150.jpg?v=1731611062 680w\" sizes=\"auto, (max-width: 300px) 100vw, 300px\" \/><\/p>\n","protected":false},"excerpt":{"rendered":"<p>Santo Domingo, \u2014 El Presidente del Movimiento poder P&#8217;AL Pueblo, Tom\u00e1s Hern\u00e1ndez Alberto expres\u00f3 este martes su firme respaldo a la pol\u00edtica de seguridad ciudadana implementada por el presidente Luis Abinader, al tiempo que cuestion\u00f3 con dureza a los partidos de oposici\u00f3n por intentar, seg\u00fan sus palabras, \u201csacar provecho pol\u00edtico de una situaci\u00f3n ya aclarada [&hellip;]<\/p>\n","protected":false},"author":10,"featured_media":2113,"comment_status":"open","ping_status":"open","sticky":false,"template":"","format":"standard","meta":{"om_disable_all_campaigns":false,"_monsterinsights_skip_tracking":false,"_monsterinsights_sitenote_active":false,"_monsterinsights_sitenote_note":"","_monsterinsights_sitenote_category":0,"footnotes":""},"categories":[1],"tags":[163],"class_list":{"0":"post-3142","1":"post","2":"type-post","3":"status-publish","4":"format-standard","5":"has-post-thumbnail","7":"category-nacionales","8":"tag-tomas-hernandez-alberto"},"aioseo_notices":[],"_links":{"self":[{"href":"https:\/\/periodicolarepublica.com\/index.php\/wp-json\/wp\/v2\/posts\/3142","targetHints":{"allow":["GET"]}}],"collection":[{"href":"https:\/\/periodicolarepublica.com\/index.php\/wp-json\/wp\/v2\/posts"}],"about":[{"href":"https:\/\/periodicolarepublica.com\/index.php\/wp-json\/wp\/v2\/types\/post"}],"author":[{"embeddable":true,"href":"https:\/\/periodicolarepublica.com\/index.php\/wp-json\/wp\/v2\/users\/10"}],"replies":[{"embeddable":true,"href":"https:\/\/periodicolarepublica.com\/index.php\/wp-json\/wp\/v2\/comments?post=3142"}],"version-history":[{"count":1,"href":"https:\/\/periodicolarepublica.com\/index.php\/wp-json\/wp\/v2\/posts\/3142\/revisions"}],"predecessor-version":[{"id":3143,"href":"https:\/\/periodicolarepublica.com\/index.php\/wp-json\/wp\/v2\/posts\/3142\/revisions\/3143"}],"wp:featuredmedia":[{"embeddable":true,"href":"https:\/\/periodicolarepublica.com\/index.php\/wp-json\/wp\/v2\/media\/2113"}],"wp:attachment":[{"href":"https:\/\/periodicolarepublica.com\/index.php\/wp-json\/wp\/v2\/media?parent=3142"}],"wp:term":[{"taxonomy":"category","embeddable":true,"href":"https:\/\/periodicolarepublica.com\/index.php\/wp-json\/wp\/v2\/categories?post=3142"},{"taxonomy":"post_tag","embeddable":true,"href":"https:\/\/periodicolarepublica.com\/index.php\/wp-json\/wp\/v2\/tags?post=3142"}],"curies":[{"name":"wp","href":"https:\/\/api.w.org\/{rel}","templated":true}]}}