{"id":3144,"date":"2025-04-30T00:01:21","date_gmt":"2025-04-29T22:01:21","guid":{"rendered":"https:\/\/periodicolarepublica.com\/?p=3144"},"modified":"2025-04-30T00:01:21","modified_gmt":"2025-04-29T22:01:21","slug":"fanny-hernan-la-nueva-estrella-de-la-bachata-que-emerge-desde-santiago","status":"publish","type":"post","link":"https:\/\/periodicolarepublica.com\/index.php\/2025\/04\/30\/fanny-hernan-la-nueva-estrella-de-la-bachata-que-emerge-desde-santiago\/","title":{"rendered":"Fanny Hern\u00e1n: La Nueva Estrella de la Bachata que Emerge desde Santiago"},"content":{"rendered":"<p>Santiago, \u2014 La escena musical dominicana celebra el ascenso de Fanny Hern\u00e1n, una talentosa cantante que est\u00e1 revolucionando el g\u00e9nero de la bachata con su estilo fresco y aut\u00e9ntico. Originaria de Santiago, Fanny ha capturado la atenci\u00f3n del p\u00fablico y la cr\u00edtica con su propuesta musical que combina tradici\u00f3n y modernidad.<\/p>\n<p>Su m\u00e1s reciente sencillo, \u00abS\u00f3lo D\u00e9jame Ser\u00bb, ha resonado profundamente entre los amantes de la bachata, destac\u00e1ndose por su emotiva interpretaci\u00f3n y arreglos innovadores. El tema ha sido ampliamente compartido en redes sociales, consolidando a Fanny como una de las voces emergentes m\u00e1s prometedoras del pa\u00eds.<\/p>\n<p>En una entrevista reciente con el programa \u00abEspejo Social\u00bb, Fanny expres\u00f3 su compromiso con la autenticidad en su m\u00fasica: \u00abQuiero que cada canci\u00f3n cuente una historia real, que conecte con las emociones de quienes la escuchan\u00bb.<\/p>\n<p>La artista ha sido reconocida por su capacidad para fusionar elementos cl\u00e1sicos de la bachata con influencias contempor\u00e1neas, creando un sonido \u00fanico que atrae tanto a j\u00f3venes como a seguidores tradicionales del g\u00e9nero. Su enfoque innovador ha sido destacado en diversos medios de comunicaci\u00f3n y plataformas digitales.<\/p>\n<p>Fanny tambi\u00e9n ha colaborado con otros artistas reconocidos, como Morerto Paniagua, en proyectos que buscan revitalizar la bachata y llevarla a nuevas audiencias. Estas colaboraciones han sido bien recibidas por el p\u00fablico y han ampliado su alcance en la industria musical.<\/p>\n<p>Adem\u00e1s de su talento vocal, Fanny ha demostrado ser una artista vers\u00e1til, participando en eventos y homenajes que celebran la cultura y la m\u00fasica dominicana. Recientemente, fue invitada al Gran Homenaje al maestro Mem\u00edn, donde su actuaci\u00f3n fue ovacionada por el p\u00fablico.<\/p>\n<p>Con una creciente base de seguidores en plataformas como Instagram y YouTube, Fanny contin\u00faa expandiendo su presencia en el \u00e1mbito digital, compartiendo contenido que refleja su pasi\u00f3n por la m\u00fasica y su conexi\u00f3n con los fans. Su canal de YouTube presenta una variedad de interpretaciones y material exclusivo que ha sido bien recibido por la audiencia.<\/p>\n<p>El futuro de Fanny Hern\u00e1n en la bachata luce prometedor. Con su talento, carisma y dedicaci\u00f3n, est\u00e1 posicion\u00e1ndose como una figura clave en la nueva generaci\u00f3n de artistas que est\u00e1n redefiniendo el g\u00e9nero y llevando la m\u00fasica dominicana a nuevos horizontes.<img loading=\"lazy\" decoding=\"async\" class=\"size-medium wp-image-3145 alignright\" src=\"https:\/\/periodicolarepublica.com\/wp-content\/uploads\/2025\/04\/479494181_18166416028323006_3263737044022179966_n-240x300.webp\" alt=\"\" width=\"240\" height=\"300\" \/><\/p>\n","protected":false},"excerpt":{"rendered":"<p>Santiago, \u2014 La escena musical dominicana celebra el ascenso de Fanny Hern\u00e1n, una talentosa cantante que est\u00e1 revolucionando el g\u00e9nero de la bachata con su estilo fresco y aut\u00e9ntico. Originaria de Santiago, Fanny ha capturado la atenci\u00f3n del p\u00fablico y la cr\u00edtica con su propuesta musical que combina tradici\u00f3n y modernidad. Su m\u00e1s reciente sencillo, [&hellip;]<\/p>\n","protected":false},"author":10,"featured_media":0,"comment_status":"open","ping_status":"open","sticky":false,"template":"","format":"standard","meta":{"om_disable_all_campaigns":false,"_monsterinsights_skip_tracking":false,"_monsterinsights_sitenote_active":false,"_monsterinsights_sitenote_note":"","_monsterinsights_sitenote_category":0,"footnotes":""},"categories":[1],"tags":[],"class_list":{"0":"post-3144","1":"post","2":"type-post","3":"status-publish","4":"format-standard","6":"category-nacionales"},"aioseo_notices":[],"_links":{"self":[{"href":"https:\/\/periodicolarepublica.com\/index.php\/wp-json\/wp\/v2\/posts\/3144","targetHints":{"allow":["GET"]}}],"collection":[{"href":"https:\/\/periodicolarepublica.com\/index.php\/wp-json\/wp\/v2\/posts"}],"about":[{"href":"https:\/\/periodicolarepublica.com\/index.php\/wp-json\/wp\/v2\/types\/post"}],"author":[{"embeddable":true,"href":"https:\/\/periodicolarepublica.com\/index.php\/wp-json\/wp\/v2\/users\/10"}],"replies":[{"embeddable":true,"href":"https:\/\/periodicolarepublica.com\/index.php\/wp-json\/wp\/v2\/comments?post=3144"}],"version-history":[{"count":1,"href":"https:\/\/periodicolarepublica.com\/index.php\/wp-json\/wp\/v2\/posts\/3144\/revisions"}],"predecessor-version":[{"id":3146,"href":"https:\/\/periodicolarepublica.com\/index.php\/wp-json\/wp\/v2\/posts\/3144\/revisions\/3146"}],"wp:attachment":[{"href":"https:\/\/periodicolarepublica.com\/index.php\/wp-json\/wp\/v2\/media?parent=3144"}],"wp:term":[{"taxonomy":"category","embeddable":true,"href":"https:\/\/periodicolarepublica.com\/index.php\/wp-json\/wp\/v2\/categories?post=3144"},{"taxonomy":"post_tag","embeddable":true,"href":"https:\/\/periodicolarepublica.com\/index.php\/wp-json\/wp\/v2\/tags?post=3144"}],"curies":[{"name":"wp","href":"https:\/\/api.w.org\/{rel}","templated":true}]}}