{"id":3147,"date":"2025-04-30T00:07:21","date_gmt":"2025-04-29T22:07:21","guid":{"rendered":"https:\/\/periodicolarepublica.com\/?p=3147"},"modified":"2025-04-30T00:07:21","modified_gmt":"2025-04-29T22:07:21","slug":"fanny-hernan-causa-sensacion-con-su-version-del-exito-prestame-de-chris-lebron","status":"publish","type":"post","link":"https:\/\/periodicolarepublica.com\/index.php\/2025\/04\/30\/fanny-hernan-causa-sensacion-con-su-version-del-exito-prestame-de-chris-lebron\/","title":{"rendered":"Fanny Hern\u00e1n causa sensaci\u00f3n con su versi\u00f3n del \u00e9xito \u201cPr\u00e9stame\u201d de Chris Lebr\u00f3n"},"content":{"rendered":"<p>Subt\u00edtulo: La joven artista impacta en redes sociales y despierta el inter\u00e9s de miles con su talento y versatilida<\/p>\n<p>Santiago, \u2014 Stefany Hern\u00e1ndez, mejor conocida como Fanny Hern\u00e1n, ha causado sensaci\u00f3n en las redes sociales tras compartir su propia versi\u00f3n del tema \u201cPr\u00e9stame\u201d, original del reconocido artista dominicano Chris Lebr\u00f3n. Su interpretaci\u00f3n ha captado r\u00e1pidamente la atenci\u00f3n de miles de usuarios, destac\u00e1ndose especialmente en plataformas como TikTok e Instagram.<\/p>\n<p>&nbsp;<\/p>\n<p>Fanny Hern\u00e1n ha logrado posicionar su versi\u00f3n como una de las m\u00e1s aclamadas dentro del reto viral lanzado por el propio Chris Lebr\u00f3n, quien se encuentra en la b\u00fasqueda de la mejor interpretaci\u00f3n de su tema. La joven cantante, con su estilo aut\u00e9ntico y voz envolvente, ha generado una ola de comentarios positivos y una creciente comunidad de seguidores que apoya su talento.<\/p>\n<p>&nbsp;<\/p>\n<p>Con una proyecci\u00f3n vocal que combina t\u00e9cnica, sentimiento y frescura, Fanny demuestra ser una artista vers\u00e1til, capaz de adaptarse a distintos g\u00e9neros musicales. Su interpretaci\u00f3n de \u201cPr\u00e9stame\u201d no solo respeta la esencia de la canci\u00f3n original, sino que tambi\u00e9n le aporta un sello personal que ha conquistado a su audiencia.<\/p>\n<p>&nbsp;<\/p>\n<p>Los seguidores de Fanny se han volcado a las redes del artista Chris Lebr\u00f3n, pidiendo que tome en cuenta la destacada versi\u00f3n de la joven cantante. Muchos expresan su deseo de que esta conexi\u00f3n art\u00edstica desemboque en una futura colaboraci\u00f3n entre ambos talentos.<\/p>\n<p>&nbsp;<\/p>\n<p>\u201cDesde peque\u00f1a supe que la m\u00fasica era mi camino. Interpretar un tema como \u2018Pr\u00e9stame\u2019 fue un reto que asum\u00ed con respeto y pasi\u00f3n\u201d, coment\u00f3 Fanny en una reciente publicaci\u00f3n. Su actitud humilde y cercana ha generado a\u00fan m\u00e1s empat\u00eda entre sus seguidores.<\/p>\n<p>&nbsp;<\/p>\n<p>Esta proyecci\u00f3n en redes sociales marca un nuevo paso en la carrera de Fanny Hern\u00e1n, quien viene trabajando silenciosamente en un repertorio que mezcla pop, R&amp;B y ritmos caribe\u00f1os, mostrando su capacidad para brillar en diferentes estilos musicales.<\/p>\n<p>&nbsp;<\/p>\n<p>Adem\u00e1s de su talento vocal, Fanny se ha destacado por su constancia y creatividad en plataformas digitales, donde comparte regularmente versiones, fragmentos de sus composiciones y contenido que conecta de forma genuina con su audiencia.<\/p>\n<p>&nbsp;<\/p>\n<p>Con el apoyo de sus seguidores y el potencial que ha demostrado en cada interpretaci\u00f3n, Fanny Hern\u00e1n se perfila como una de las voces emergentes m\u00e1s prometedoras del panorama musical actual, y una posible futura colaboradora de Chris Lebr\u00f3n.<img loading=\"lazy\" decoding=\"async\" class=\"size-medium wp-image-3145 alignright\" src=\"https:\/\/periodicolarepublica.com\/wp-content\/uploads\/2025\/04\/479494181_18166416028323006_3263737044022179966_n-240x300.webp\" alt=\"\" width=\"240\" height=\"300\" \/><\/p>\n","protected":false},"excerpt":{"rendered":"<p>Subt\u00edtulo: La joven artista impacta en redes sociales y despierta el inter\u00e9s de miles con su talento y versatilida Santiago, \u2014 Stefany Hern\u00e1ndez, mejor conocida como Fanny Hern\u00e1n, ha causado sensaci\u00f3n en las redes sociales tras compartir su propia versi\u00f3n del tema \u201cPr\u00e9stame\u201d, original del reconocido artista dominicano Chris Lebr\u00f3n. Su interpretaci\u00f3n ha captado r\u00e1pidamente [&hellip;]<\/p>\n","protected":false},"author":10,"featured_media":0,"comment_status":"open","ping_status":"open","sticky":false,"template":"","format":"standard","meta":{"om_disable_all_campaigns":false,"_monsterinsights_skip_tracking":false,"_monsterinsights_sitenote_active":false,"_monsterinsights_sitenote_note":"","_monsterinsights_sitenote_category":0,"footnotes":""},"categories":[1],"tags":[],"class_list":{"0":"post-3147","1":"post","2":"type-post","3":"status-publish","4":"format-standard","6":"category-nacionales"},"aioseo_notices":[],"_links":{"self":[{"href":"https:\/\/periodicolarepublica.com\/index.php\/wp-json\/wp\/v2\/posts\/3147","targetHints":{"allow":["GET"]}}],"collection":[{"href":"https:\/\/periodicolarepublica.com\/index.php\/wp-json\/wp\/v2\/posts"}],"about":[{"href":"https:\/\/periodicolarepublica.com\/index.php\/wp-json\/wp\/v2\/types\/post"}],"author":[{"embeddable":true,"href":"https:\/\/periodicolarepublica.com\/index.php\/wp-json\/wp\/v2\/users\/10"}],"replies":[{"embeddable":true,"href":"https:\/\/periodicolarepublica.com\/index.php\/wp-json\/wp\/v2\/comments?post=3147"}],"version-history":[{"count":1,"href":"https:\/\/periodicolarepublica.com\/index.php\/wp-json\/wp\/v2\/posts\/3147\/revisions"}],"predecessor-version":[{"id":3148,"href":"https:\/\/periodicolarepublica.com\/index.php\/wp-json\/wp\/v2\/posts\/3147\/revisions\/3148"}],"wp:attachment":[{"href":"https:\/\/periodicolarepublica.com\/index.php\/wp-json\/wp\/v2\/media?parent=3147"}],"wp:term":[{"taxonomy":"category","embeddable":true,"href":"https:\/\/periodicolarepublica.com\/index.php\/wp-json\/wp\/v2\/categories?post=3147"},{"taxonomy":"post_tag","embeddable":true,"href":"https:\/\/periodicolarepublica.com\/index.php\/wp-json\/wp\/v2\/tags?post=3147"}],"curies":[{"name":"wp","href":"https:\/\/api.w.org\/{rel}","templated":true}]}}