{"id":3154,"date":"2025-04-30T04:25:40","date_gmt":"2025-04-30T02:25:40","guid":{"rendered":"https:\/\/periodicolarepublica.com\/?p=3154"},"modified":"2025-04-30T04:34:37","modified_gmt":"2025-04-30T02:34:37","slug":"comerciantes-de-la-zona-colonial-se-movilizan-ante-abandono-del-ministerio-de-turismo","status":"publish","type":"post","link":"https:\/\/periodicolarepublica.com\/index.php\/2025\/04\/30\/comerciantes-de-la-zona-colonial-se-movilizan-ante-abandono-del-ministerio-de-turismo\/","title":{"rendered":"Comerciantes de la Zona Colonial se Movilizan ante Abandono del Ministerio de Turismo"},"content":{"rendered":"<p>Santo Domingo, R.D. \u2013 M\u00e1s de 50 due\u00f1os de negocios establecidos en la Zona Colonial han convocado una movilizaci\u00f3n de protesta tras meses de silencio e inacci\u00f3n por parte del Ministerio de Turismo. Los comerciantes, quienes aseguran estar al borde del colapso econ\u00f3mico, acusan al ministro David Collado de omitir su responsabilidad frente a los prolongados trabajos de remodelaci\u00f3n que afectan la zona sin ofrecer alternativas ni compensaci\u00f3n alguna.<\/p>\n<p>\u00abEstamos desesperados. Nuestros negocios han estado parcialmente cerrados o sin acceso por meses, y no hemos recibido ni una respuesta, ni apoyo. El ministro David Collado simplemente nos ha olvidado\u00bb, declar\u00f3 una de los comerciantes afectadas Jackeline Mart\u00ednez.<\/p>\n<p>La protesta, que quieren llevar a cabo, busca visibilizar el impacto que han tenido los trabajos de reestructuraci\u00f3n en la actividad econ\u00f3mica de la zona, la cual depende en gran medida del turismo y el comercio local.<\/p>\n<p>Los propietarios se\u00f1alan que, si bien apoyan el embellecimiento y rescate patrimonial de la Zona Colonial, la ejecuci\u00f3n de las obras ha sido desorganizada, prolongada e insensible a la realidad de quienes operan y generan empleos en el \u00e1rea. Alegan que el Ministerio de Turismo no ha abierto canales de comunicaci\u00f3n efectivos, ni ofrecido medidas de mitigaci\u00f3n o compensaci\u00f3n econ\u00f3mica durante el proceso.<\/p>\n<p>&nbsp;<\/p>\n<p><img loading=\"lazy\" decoding=\"async\" class=\"alignnone size-medium wp-image-3155\" src=\"https:\/\/periodicolarepublica.com\/wp-content\/uploads\/2025\/04\/26_Actualidad_06_1p031-1024x680-1-300x199.webp\" alt=\"\" width=\"300\" height=\"199\" srcset=\"https:\/\/periodicolarepublica.com\/wp-content\/uploads\/2025\/04\/26_Actualidad_06_1p031-1024x680-1-300x199.webp 300w, https:\/\/periodicolarepublica.com\/wp-content\/uploads\/2025\/04\/26_Actualidad_06_1p031-1024x680-1-768x510.webp 768w, https:\/\/periodicolarepublica.com\/wp-content\/uploads\/2025\/04\/26_Actualidad_06_1p031-1024x680-1-150x100.webp 150w, https:\/\/periodicolarepublica.com\/wp-content\/uploads\/2025\/04\/26_Actualidad_06_1p031-1024x680-1-600x398.webp 600w, https:\/\/periodicolarepublica.com\/wp-content\/uploads\/2025\/04\/26_Actualidad_06_1p031-1024x680-1-696x462.webp 696w, https:\/\/periodicolarepublica.com\/wp-content\/uploads\/2025\/04\/26_Actualidad_06_1p031-1024x680-1.webp 1024w\" sizes=\"auto, (max-width: 300px) 100vw, 300px\" \/><\/p>\n","protected":false},"excerpt":{"rendered":"<p>Santo Domingo, R.D. \u2013 M\u00e1s de 50 due\u00f1os de negocios establecidos en la Zona Colonial han convocado una movilizaci\u00f3n de protesta tras meses de silencio e inacci\u00f3n por parte del Ministerio de Turismo. Los comerciantes, quienes aseguran estar al borde del colapso econ\u00f3mico, acusan al ministro David Collado de omitir su responsabilidad frente a los [&hellip;]<\/p>\n","protected":false},"author":6,"featured_media":3155,"comment_status":"open","ping_status":"open","sticky":false,"template":"","format":"standard","meta":{"om_disable_all_campaigns":false,"_monsterinsights_skip_tracking":false,"_monsterinsights_sitenote_active":false,"_monsterinsights_sitenote_note":"","_monsterinsights_sitenote_category":0,"footnotes":""},"categories":[1],"tags":[],"class_list":{"0":"post-3154","1":"post","2":"type-post","3":"status-publish","4":"format-standard","5":"has-post-thumbnail","7":"category-nacionales"},"aioseo_notices":[],"_links":{"self":[{"href":"https:\/\/periodicolarepublica.com\/index.php\/wp-json\/wp\/v2\/posts\/3154","targetHints":{"allow":["GET"]}}],"collection":[{"href":"https:\/\/periodicolarepublica.com\/index.php\/wp-json\/wp\/v2\/posts"}],"about":[{"href":"https:\/\/periodicolarepublica.com\/index.php\/wp-json\/wp\/v2\/types\/post"}],"author":[{"embeddable":true,"href":"https:\/\/periodicolarepublica.com\/index.php\/wp-json\/wp\/v2\/users\/6"}],"replies":[{"embeddable":true,"href":"https:\/\/periodicolarepublica.com\/index.php\/wp-json\/wp\/v2\/comments?post=3154"}],"version-history":[{"count":3,"href":"https:\/\/periodicolarepublica.com\/index.php\/wp-json\/wp\/v2\/posts\/3154\/revisions"}],"predecessor-version":[{"id":3158,"href":"https:\/\/periodicolarepublica.com\/index.php\/wp-json\/wp\/v2\/posts\/3154\/revisions\/3158"}],"wp:featuredmedia":[{"embeddable":true,"href":"https:\/\/periodicolarepublica.com\/index.php\/wp-json\/wp\/v2\/media\/3155"}],"wp:attachment":[{"href":"https:\/\/periodicolarepublica.com\/index.php\/wp-json\/wp\/v2\/media?parent=3154"}],"wp:term":[{"taxonomy":"category","embeddable":true,"href":"https:\/\/periodicolarepublica.com\/index.php\/wp-json\/wp\/v2\/categories?post=3154"},{"taxonomy":"post_tag","embeddable":true,"href":"https:\/\/periodicolarepublica.com\/index.php\/wp-json\/wp\/v2\/tags?post=3154"}],"curies":[{"name":"wp","href":"https:\/\/api.w.org\/{rel}","templated":true}]}}