{"id":3168,"date":"2025-05-02T03:10:00","date_gmt":"2025-05-02T01:10:00","guid":{"rendered":"https:\/\/periodicolarepublica.com\/?p=3168"},"modified":"2025-05-02T03:10:00","modified_gmt":"2025-05-02T01:10:00","slug":"renew-inaugura-nueva-sucursal-en-santo-domingo-este","status":"publish","type":"post","link":"https:\/\/periodicolarepublica.com\/index.php\/2025\/05\/02\/renew-inaugura-nueva-sucursal-en-santo-domingo-este\/","title":{"rendered":"RENEW inaugura nueva sucursal en Santo Domingo Este"},"content":{"rendered":"<p>&nbsp;<\/p>\n<p>Santo Domingo, 30 de abril de 2025 \u2013 Con el compromiso de seguir ampliando el acceso a servicios especializados en salud f\u00edsica y rehabilitaci\u00f3n, el Centro de Terapia F\u00edsica y Rehabilitaci\u00f3n RENEW celebr\u00f3 la inauguraci\u00f3n de su nueva sucursal en Santo Domingo Este.<\/p>\n<p>Ubicada en la Plaza Custodio (frente a la Plaza Cuadra), local #4, Autopista San Isidro, Costa del Faro, esta nueva sede representa un paso importante en la expansi\u00f3n de RENEW, que contin\u00faa consolid\u00e1ndose como un referente en el sector de la salud y el bienestar en la Rep\u00fablica Dominicana.<\/p>\n<p>&nbsp;<\/p>\n<p>La actividad estuvo encabezada por la directora ejecutiva de RENEW, Fernanda Rojas Turb\u00ed, quien destac\u00f3 la misi\u00f3n del centro de brindar atenci\u00f3n integral y especializada a pacientes de todas las edades. En su intervenci\u00f3n, reiter\u00f3 el compromiso de seguir llevando servicios de calidad a m\u00e1s comunidades.<\/p>\n<p>&nbsp;<\/p>\n<p>Durante la ceremonia, el alcalde de Santo Domingo Este valor\u00f3 la importancia de esta nueva apertura para el desarrollo de la zona. \u201cEste tipo de iniciativas no solo impactan positivamente la salud de nuestra gente, sino que tambi\u00e9n impulsan el crecimiento econ\u00f3mico y social de nuestro municipio\u201d, expres\u00f3.<\/p>\n<p>&nbsp;<\/p>\n<p>Esta nueva sucursal se suma a las ya existentes en la intersecci\u00f3n de la Bonaire con San Vicente de Pa\u00fal, incluyendo la sede pedi\u00e1trica, y a la sucursal de Los Mameyes, fortaleciendo as\u00ed la cobertura de RENEW en el Gran Santo Domingo.<\/p>\n<p>&nbsp;<\/p>\n<p>Adem\u00e1s, RENEW cuenta con una fundaci\u00f3n inaugurada en noviembre de 2024, enfocada en brindar apoyo a personas con condiciones f\u00edsicas que limitan su movilidad y acceso a terapias. Como parte de su evoluci\u00f3n, durante su cuarto aniversario tambi\u00e9n se lanz\u00f3 la \u201cTarjeta de Membres\u00eda\u201d, un servicio \u00fanico en el pa\u00eds que ofrece beneficios exclusivos a sus usuarios, reafirmando la visi\u00f3n innovadora y de compromiso social de la instituci\u00f3n.<\/p>\n<p>RENEW contin\u00faa creciendo con la mirada puesta en el bienestar de sus pacientes, respaldado por un equipo humano multidisciplinario, tecnolog\u00eda de punta y un enfoque personalizado que lo distingue en el \u00e1rea de la rehabilitaci\u00f3n f\u00edsica.<\/p>\n<p><img loading=\"lazy\" decoding=\"async\" class=\"alignnone size-medium wp-image-3174\" src=\"https:\/\/periodicolarepublica.com\/wp-content\/uploads\/2025\/05\/IMG-20250501-WA0119-300x169.jpg\" alt=\"\" width=\"300\" height=\"169\" srcset=\"https:\/\/periodicolarepublica.com\/wp-content\/uploads\/2025\/05\/IMG-20250501-WA0119-300x169.jpg 300w, https:\/\/periodicolarepublica.com\/wp-content\/uploads\/2025\/05\/IMG-20250501-WA0119-1024x576.jpg 1024w, https:\/\/periodicolarepublica.com\/wp-content\/uploads\/2025\/05\/IMG-20250501-WA0119-768x432.jpg 768w, https:\/\/periodicolarepublica.com\/wp-content\/uploads\/2025\/05\/IMG-20250501-WA0119-1536x864.jpg 1536w, https:\/\/periodicolarepublica.com\/wp-content\/uploads\/2025\/05\/IMG-20250501-WA0119-150x84.jpg 150w, https:\/\/periodicolarepublica.com\/wp-content\/uploads\/2025\/05\/IMG-20250501-WA0119-600x338.jpg 600w, https:\/\/periodicolarepublica.com\/wp-content\/uploads\/2025\/05\/IMG-20250501-WA0119-696x392.jpg 696w, https:\/\/periodicolarepublica.com\/wp-content\/uploads\/2025\/05\/IMG-20250501-WA0119-1392x783.jpg 1392w, https:\/\/periodicolarepublica.com\/wp-content\/uploads\/2025\/05\/IMG-20250501-WA0119-1068x601.jpg 1068w, https:\/\/periodicolarepublica.com\/wp-content\/uploads\/2025\/05\/IMG-20250501-WA0119.jpg 1600w\" sizes=\"auto, (max-width: 300px) 100vw, 300px\" \/><\/p>\n<p>&nbsp;<\/p>\n","protected":false},"excerpt":{"rendered":"<p>&nbsp; Santo Domingo, 30 de abril de 2025 \u2013 Con el compromiso de seguir ampliando el acceso a servicios especializados en salud f\u00edsica y rehabilitaci\u00f3n, el Centro de Terapia F\u00edsica y Rehabilitaci\u00f3n RENEW celebr\u00f3 la inauguraci\u00f3n de su nueva sucursal en Santo Domingo Este. Ubicada en la Plaza Custodio (frente a la Plaza Cuadra), local [&hellip;]<\/p>\n","protected":false},"author":6,"featured_media":3174,"comment_status":"open","ping_status":"open","sticky":false,"template":"","format":"standard","meta":{"om_disable_all_campaigns":false,"_monsterinsights_skip_tracking":false,"_monsterinsights_sitenote_active":false,"_monsterinsights_sitenote_note":"","_monsterinsights_sitenote_category":0,"footnotes":""},"categories":[1],"tags":[],"class_list":{"0":"post-3168","1":"post","2":"type-post","3":"status-publish","4":"format-standard","5":"has-post-thumbnail","7":"category-nacionales"},"aioseo_notices":[],"_links":{"self":[{"href":"https:\/\/periodicolarepublica.com\/index.php\/wp-json\/wp\/v2\/posts\/3168","targetHints":{"allow":["GET"]}}],"collection":[{"href":"https:\/\/periodicolarepublica.com\/index.php\/wp-json\/wp\/v2\/posts"}],"about":[{"href":"https:\/\/periodicolarepublica.com\/index.php\/wp-json\/wp\/v2\/types\/post"}],"author":[{"embeddable":true,"href":"https:\/\/periodicolarepublica.com\/index.php\/wp-json\/wp\/v2\/users\/6"}],"replies":[{"embeddable":true,"href":"https:\/\/periodicolarepublica.com\/index.php\/wp-json\/wp\/v2\/comments?post=3168"}],"version-history":[{"count":1,"href":"https:\/\/periodicolarepublica.com\/index.php\/wp-json\/wp\/v2\/posts\/3168\/revisions"}],"predecessor-version":[{"id":3175,"href":"https:\/\/periodicolarepublica.com\/index.php\/wp-json\/wp\/v2\/posts\/3168\/revisions\/3175"}],"wp:featuredmedia":[{"embeddable":true,"href":"https:\/\/periodicolarepublica.com\/index.php\/wp-json\/wp\/v2\/media\/3174"}],"wp:attachment":[{"href":"https:\/\/periodicolarepublica.com\/index.php\/wp-json\/wp\/v2\/media?parent=3168"}],"wp:term":[{"taxonomy":"category","embeddable":true,"href":"https:\/\/periodicolarepublica.com\/index.php\/wp-json\/wp\/v2\/categories?post=3168"},{"taxonomy":"post_tag","embeddable":true,"href":"https:\/\/periodicolarepublica.com\/index.php\/wp-json\/wp\/v2\/tags?post=3168"}],"curies":[{"name":"wp","href":"https:\/\/api.w.org\/{rel}","templated":true}]}}